{"id":5359,"date":"2018-05-31T13:48:05","date_gmt":"2018-05-31T13:48:05","guid":{"rendered":"http:\/\/www.caf.org.uy\/site\/?p=5359"},"modified":"2018-05-31T13:48:05","modified_gmt":"2018-05-31T13:48:05","slug":"caf-participo-en-1-reunion-de-la-mesa-agricola-nacional","status":"publish","type":"post","link":"https:\/\/caf.org.uy\/caf\/caf-participo-en-1-reunion-de-la-mesa-agricola-nacional\/","title":{"rendered":"CAF particip\u00f3 en 1\u00b0 reuni\u00f3n de la Mesa Agr\u00edcola Nacional"},"content":{"rendered":"<p>El mi\u00e9rcoles 30 de mayo se realiz\u00f3 la primera reuni\u00f3n de la Mesa Agr\u00edcola Nacional, de la cual particip\u00f3 una delegaci\u00f3n de CAF. Los seguros agr\u00edcolas, el endeudamiento y la financiaci\u00f3n fueron los temas abordados.<br \/>\nLa Asociaci\u00f3n Agropecuaria de Dolores fue la sede elegida para este encuentro, del cual participaron representantes de la Asociaci\u00f3n Rural del Uruguay, Federaci\u00f3n Rural, FUCREA, C\u00e1mara Mercantil y CAF.<br \/>\n\u201cLa reuni\u00f3n se valor\u00f3 como muy importante y fue un puntapi\u00e9 para seguir trabajando juntos en los temas que nos preocupan. Se decidi\u00f3 conformar una comisi\u00f3n integrada por representantes de las cinco instituciones que participaron del encuentro, la que se encargar\u00e1 de avanzar en el tema seguros y en el tema financiamiento\u201d, explic\u00f3 Aparicio Hirschy, quien particip\u00f3 de la instancia en representaci\u00f3n de CAF junto con Roberto Verdera (CALMER), Bernardo Bidegain y Eduardo Montes de Oca (Uni\u00f3n Rural de Flores).<br \/>\n\u201cLos productores queremos pagar. Partiendo de esa base, se enfatiz\u00f3 en la necesidad de buscar seguros que garanticen que las instituciones que presten dinero al agro, lo van a recuperar\u201d, concluy\u00f3.<\/p>\n","protected":false},"excerpt":{"rendered":"<p>El mi\u00e9rcoles 30 de mayo se realiz\u00f3 la primera reuni\u00f3n de la Mesa Agr\u00edcola Nacional, de la cual particip\u00f3 una delegaci\u00f3n de CAF. Los seguros agr\u00edcolas, el endeudamiento y la &hellip; <a class=\"readmore\" href=\"https:\/\/caf.org.uy\/caf\/caf-participo-en-1-reunion-de-la-mesa-agricola-nacional\/\">Seguir leyendo &rarr;<\/a><\/p>\n","protected":false},"author":1,"featured_media":5360,"comment_status":"open","ping_status":"closed","sticky":false,"template":"","format":"standard","meta":{"csbAdvScrollBarCursor":"","footnotes":""},"categories":[20,2,42],"tags":[],"class_list":["post-5359","post","type-post","status-publish","format-standard","has-post-thumbnail","hentry","category-institucional-gremial","category-noticias","category-portada"],"_links":{"self":[{"href":"https:\/\/caf.org.uy\/caf\/wp-json\/wp\/v2\/posts\/5359","targetHints":{"allow":["GET"]}}],"collection":[{"href":"https:\/\/caf.org.uy\/caf\/wp-json\/wp\/v2\/posts"}],"about":[{"href":"https:\/\/caf.org.uy\/caf\/wp-json\/wp\/v2\/types\/post"}],"author":[{"embeddable":true,"href":"https:\/\/caf.org.uy\/caf\/wp-json\/wp\/v2\/users\/1"}],"replies":[{"embeddable":true,"href":"https:\/\/caf.org.uy\/caf\/wp-json\/wp\/v2\/comments?post=5359"}],"version-history":[{"count":0,"href":"https:\/\/caf.org.uy\/caf\/wp-json\/wp\/v2\/posts\/5359\/revisions"}],"wp:featuredmedia":[{"embeddable":true,"href":"https:\/\/caf.org.uy\/caf\/wp-json\/wp\/v2\/media\/5360"}],"wp:attachment":[{"href":"https:\/\/caf.org.uy\/caf\/wp-json\/wp\/v2\/media?parent=5359"}],"wp:term":[{"taxonomy":"category","embeddable":true,"href":"https:\/\/caf.org.uy\/caf\/wp-json\/wp\/v2\/categories?post=5359"},{"taxonomy":"post_tag","embeddable":true,"href":"https:\/\/caf.org.uy\/caf\/wp-json\/wp\/v2\/tags?post=5359"}],"curies":[{"name":"wp","href":"https:\/\/api.w.org\/{rel}","templated":true}]}}