{"id":5349,"date":"2018-06-01T14:44:12","date_gmt":"2018-06-01T14:44:12","guid":{"rendered":"https:\/\/caf.org.uy\/caf\/?p=5349"},"modified":"2018-06-01T14:50:44","modified_gmt":"2018-06-01T14:50:44","slug":"gremiales-se-reunieron-con-el-gobierno","status":"publish","type":"post","link":"https:\/\/caf.org.uy\/caf\/gremiales-se-reunieron-con-el-gobierno\/","title":{"rendered":"Gremiales del agro se reunieron con el gobierno"},"content":{"rendered":"<p>Este jueves 31\/5, directivos de las gremiales agropecuarias (ARU, ACA ANPL, CAF, CNFR y FR) se reunieron con el ministro de Ganader\u00eda, Agricultura y Pesca, Enzo Benech, los subsecretarios de Econom\u00eda, Pablo Ferreri, y de Industria, Guillermo Moncecchi; y el subdirector de la Oficina de Planeamiento y Presupuesto, Santiago Soto.<\/p>\n<p>La instancia, que fue convocada por el MGAP y a la que no se invit\u00f3 al movimiento Un Solo Uruguay, estuvo centrada en tres temas: precio de los combustibles, creaci\u00f3n de un fondo sojero y endeudamiento del sector.<\/p>\n<p>\u201cEl gobierno argument\u00f3 con escasos datos objetivos que no es posible rebajar el precio del combustible en el contexto actual, expresando la voluntad de mantener la diferencia de precios entre el gas o\u00edl y las naftas\u201d, dijo Virginia San Mart\u00edn (presidente de CAF) sobre el primer punto abordado.<\/p>\n<p>En otro sentido, el gobierno present\u00f3 un informe elaborado por la Oficina de Programaci\u00f3n y Pol\u00edtica Agropecuaria (OPYPA) del MGAP que analiza la implementaci\u00f3n de un fondo de financiamiento de la actividad sojera. \u201cSe presentaron experiencias anteriores de utilizaci\u00f3n de esta herramienta por el sector lechero y arrocero, a partir de las cuales el gobierno desestim\u00f3 su uso para el caso de la soja. Se plante\u00f3 seguir trabajando en el tema Seguros como forma de mejorar las condiciones financieras, con participaci\u00f3n del Ministerio\u201d, rese\u00f1\u00f3 San Mart\u00edn.<\/p>\n<p>\u201cCon respecto al endeudamiento del sector, se plante\u00f3 que se continuar\u00e1 trabajando con el BROU para hacer efectivas las medidas aprobadas por el Poder Ejecutivo, de forma de lograr que realmente lleguen a los destinatarios\u201d, dijo la presidente.<\/p>\n<p>De acuerdo a lo expresado por las autoridades nacionales al finalizar la reuni\u00f3n, se entiende que el \u00e1mbito de trabajo en conjunto quedar\u00e1 abierto. Desde CAF se considera que constituye un espacio de di\u00e1logo que es necesario, que actualmente cuenta con debilidades importantes vinculadas a la metodolog\u00eda de trabajo y al involucramiento de las gremiales en las mismas.<\/p>\n<p>\u201cPor ejemplo, desde las gremiales consideramos de orden que el Movimiento Un Solo Uruguay hubiese participado de esta reuni\u00f3n, dado que fue parte de la construcci\u00f3n de la propuesta de ACA de la rebaja de gasoil. Adem\u00e1s, estamos convencidos que a los pol\u00edticos en general les falta \u201cvivenciar\u201d de primera mano la realidad agropecuaria, lo que dificulta seriamente que entiendan nuestras propuestas\u201d, concluy\u00f3 la presidente de CAF.<\/p>\n","protected":false},"excerpt":{"rendered":"<p>Este jueves 31\/5, directivos de las gremiales agropecuarias (ARU, ACA ANPL, CAF, CNFR y FR) se reunieron con el ministro de Ganader\u00eda, Agricultura y Pesca, Enzo Benech, los subsecretarios de &hellip; <a class=\"readmore\" href=\"https:\/\/caf.org.uy\/caf\/gremiales-se-reunieron-con-el-gobierno\/\">Seguir leyendo &rarr;<\/a><\/p>\n","protected":false},"author":5,"featured_media":5350,"comment_status":"open","ping_status":"closed","sticky":false,"template":"","format":"standard","meta":{"csbAdvScrollBarCursor":"","footnotes":""},"categories":[20,2,42],"tags":[],"class_list":["post-5349","post","type-post","status-publish","format-standard","has-post-thumbnail","hentry","category-institucional-gremial","category-noticias","category-portada"],"_links":{"self":[{"href":"https:\/\/caf.org.uy\/caf\/wp-json\/wp\/v2\/posts\/5349","targetHints":{"allow":["GET"]}}],"collection":[{"href":"https:\/\/caf.org.uy\/caf\/wp-json\/wp\/v2\/posts"}],"about":[{"href":"https:\/\/caf.org.uy\/caf\/wp-json\/wp\/v2\/types\/post"}],"author":[{"embeddable":true,"href":"https:\/\/caf.org.uy\/caf\/wp-json\/wp\/v2\/users\/5"}],"replies":[{"embeddable":true,"href":"https:\/\/caf.org.uy\/caf\/wp-json\/wp\/v2\/comments?post=5349"}],"version-history":[{"count":4,"href":"https:\/\/caf.org.uy\/caf\/wp-json\/wp\/v2\/posts\/5349\/revisions"}],"predecessor-version":[{"id":5354,"href":"https:\/\/caf.org.uy\/caf\/wp-json\/wp\/v2\/posts\/5349\/revisions\/5354"}],"wp:featuredmedia":[{"embeddable":true,"href":"https:\/\/caf.org.uy\/caf\/wp-json\/wp\/v2\/media\/5350"}],"wp:attachment":[{"href":"https:\/\/caf.org.uy\/caf\/wp-json\/wp\/v2\/media?parent=5349"}],"wp:term":[{"taxonomy":"category","embeddable":true,"href":"https:\/\/caf.org.uy\/caf\/wp-json\/wp\/v2\/categories?post=5349"},{"taxonomy":"post_tag","embeddable":true,"href":"https:\/\/caf.org.uy\/caf\/wp-json\/wp\/v2\/tags?post=5349"}],"curies":[{"name":"wp","href":"https:\/\/api.w.org\/{rel}","templated":true}]}}