{"id":5330,"date":"2018-05-23T22:45:49","date_gmt":"2018-05-23T22:45:49","guid":{"rendered":"https:\/\/caf.org.uy\/caf\/?p=5330"},"modified":"2018-05-24T13:18:26","modified_gmt":"2018-05-24T13:18:26","slug":"logro-gremial-las-coops-accederan-a-la-ley-de-inversiones","status":"publish","type":"post","link":"https:\/\/caf.org.uy\/caf\/logro-gremial-las-coops-accederan-a-la-ley-de-inversiones\/","title":{"rendered":"Logro gremial! Las coops acceder\u00e1n a la Ley de Inversiones"},"content":{"rendered":"<p>\u00a1Logro gremial! Por Decreto del Poder Ejecutivo las cooperativas podr\u00e1n obtener los beneficios de la ley de inversiones, con lo que se corregir\u00e1n las asimetr\u00edas que existen en el sistema tributario Resta saber c\u00f3mo se instrumentar\u00e1 el cambio<\/p>\n<p><a href=\"https:\/\/caf.org.uy\/caf\/wp-content\/uploads\/2018\/05\/201805231136403131-1.pdf\" target=\"_blank\" rel=\"noopener\">Decreto 22 de mayo 2017<\/a><\/p>\n","protected":false},"excerpt":{"rendered":"<p>\u00a1Logro gremial! Por Decreto del Poder Ejecutivo las cooperativas podr\u00e1n obtener los beneficios de la ley de inversiones, con lo que se corregir\u00e1n las asimetr\u00edas que existen en el sistema &hellip; <a class=\"readmore\" href=\"https:\/\/caf.org.uy\/caf\/logro-gremial-las-coops-accederan-a-la-ley-de-inversiones\/\">Seguir leyendo &rarr;<\/a><\/p>\n","protected":false},"author":5,"featured_media":4662,"comment_status":"open","ping_status":"closed","sticky":false,"template":"","format":"standard","meta":{"csbAdvScrollBarCursor":"","footnotes":""},"categories":[20,2,42],"tags":[],"class_list":["post-5330","post","type-post","status-publish","format-standard","has-post-thumbnail","hentry","category-institucional-gremial","category-noticias","category-portada"],"_links":{"self":[{"href":"https:\/\/caf.org.uy\/caf\/wp-json\/wp\/v2\/posts\/5330","targetHints":{"allow":["GET"]}}],"collection":[{"href":"https:\/\/caf.org.uy\/caf\/wp-json\/wp\/v2\/posts"}],"about":[{"href":"https:\/\/caf.org.uy\/caf\/wp-json\/wp\/v2\/types\/post"}],"author":[{"embeddable":true,"href":"https:\/\/caf.org.uy\/caf\/wp-json\/wp\/v2\/users\/5"}],"replies":[{"embeddable":true,"href":"https:\/\/caf.org.uy\/caf\/wp-json\/wp\/v2\/comments?post=5330"}],"version-history":[{"count":2,"href":"https:\/\/caf.org.uy\/caf\/wp-json\/wp\/v2\/posts\/5330\/revisions"}],"predecessor-version":[{"id":5333,"href":"https:\/\/caf.org.uy\/caf\/wp-json\/wp\/v2\/posts\/5330\/revisions\/5333"}],"wp:featuredmedia":[{"embeddable":true,"href":"https:\/\/caf.org.uy\/caf\/wp-json\/wp\/v2\/media\/4662"}],"wp:attachment":[{"href":"https:\/\/caf.org.uy\/caf\/wp-json\/wp\/v2\/media?parent=5330"}],"wp:term":[{"taxonomy":"category","embeddable":true,"href":"https:\/\/caf.org.uy\/caf\/wp-json\/wp\/v2\/categories?post=5330"},{"taxonomy":"post_tag","embeddable":true,"href":"https:\/\/caf.org.uy\/caf\/wp-json\/wp\/v2\/tags?post=5330"}],"curies":[{"name":"wp","href":"https:\/\/api.w.org\/{rel}","templated":true}]}}