{"id":5307,"date":"2018-05-05T14:49:33","date_gmt":"2018-05-05T14:49:33","guid":{"rendered":"http:\/\/www.caf.org.uy\/site\/?p=5307"},"modified":"2018-05-05T14:49:33","modified_gmt":"2018-05-05T14:49:33","slug":"comision-de-ganaderia-del-senado-recibio-a-las-gremiales","status":"publish","type":"post","link":"https:\/\/caf.org.uy\/caf\/comision-de-ganaderia-del-senado-recibio-a-las-gremiales\/","title":{"rendered":"Comisi\u00f3n de Ganader\u00eda del Senado recibi\u00f3 a las gremiales"},"content":{"rendered":"<p>El d\u00eda de ayer, junto a las gremiales agropecuarias, CAF particip\u00f3 de una reuni\u00f3n con la Comisi\u00f3n de Ganader\u00eda del Senado. All\u00ed se expuso sobre la grave situaci\u00f3n econ\u00f3mica y financiera en el sector agropecuario.<br \/>\n\u00abRepresentantes del Senado destacaron nuestra unidad y el reflejar la situaci\u00f3n de cada uno de los sectores\u00bb, dijo Virginia San Martin, presidente de CAF a la salida del encuentro. Durante el mismo se presentaron los impactos principalmente en agricultura, destacando los USD 1000 millones menos que ingresan al sector en la \u00faltima zafra y sus implicancias en la sociedad.<\/p>\n","protected":false},"excerpt":{"rendered":"<p>El d\u00eda de ayer, junto a las gremiales agropecuarias, CAF particip\u00f3 de una reuni\u00f3n con la Comisi\u00f3n de Ganader\u00eda del Senado. All\u00ed se expuso sobre la grave situaci\u00f3n econ\u00f3mica y &hellip; <a class=\"readmore\" href=\"https:\/\/caf.org.uy\/caf\/comision-de-ganaderia-del-senado-recibio-a-las-gremiales\/\">Seguir leyendo &rarr;<\/a><\/p>\n","protected":false},"author":1,"featured_media":5308,"comment_status":"open","ping_status":"closed","sticky":false,"template":"","format":"standard","meta":{"csbAdvScrollBarCursor":"","footnotes":""},"categories":[20,2,42],"tags":[],"class_list":["post-5307","post","type-post","status-publish","format-standard","has-post-thumbnail","hentry","category-institucional-gremial","category-noticias","category-portada"],"_links":{"self":[{"href":"https:\/\/caf.org.uy\/caf\/wp-json\/wp\/v2\/posts\/5307","targetHints":{"allow":["GET"]}}],"collection":[{"href":"https:\/\/caf.org.uy\/caf\/wp-json\/wp\/v2\/posts"}],"about":[{"href":"https:\/\/caf.org.uy\/caf\/wp-json\/wp\/v2\/types\/post"}],"author":[{"embeddable":true,"href":"https:\/\/caf.org.uy\/caf\/wp-json\/wp\/v2\/users\/1"}],"replies":[{"embeddable":true,"href":"https:\/\/caf.org.uy\/caf\/wp-json\/wp\/v2\/comments?post=5307"}],"version-history":[{"count":0,"href":"https:\/\/caf.org.uy\/caf\/wp-json\/wp\/v2\/posts\/5307\/revisions"}],"wp:featuredmedia":[{"embeddable":true,"href":"https:\/\/caf.org.uy\/caf\/wp-json\/wp\/v2\/media\/5308"}],"wp:attachment":[{"href":"https:\/\/caf.org.uy\/caf\/wp-json\/wp\/v2\/media?parent=5307"}],"wp:term":[{"taxonomy":"category","embeddable":true,"href":"https:\/\/caf.org.uy\/caf\/wp-json\/wp\/v2\/categories?post=5307"},{"taxonomy":"post_tag","embeddable":true,"href":"https:\/\/caf.org.uy\/caf\/wp-json\/wp\/v2\/tags?post=5307"}],"curies":[{"name":"wp","href":"https:\/\/api.w.org\/{rel}","templated":true}]}}