{"id":5303,"date":"2018-05-07T14:48:49","date_gmt":"2018-05-07T14:48:49","guid":{"rendered":"https:\/\/caf.org.uy\/caf\/?p=5303"},"modified":"2018-05-14T14:49:30","modified_gmt":"2018-05-14T14:49:30","slug":"gremiales-apoyamos-movilizaciones-de-un-solo-uruguay","status":"publish","type":"post","link":"https:\/\/caf.org.uy\/caf\/gremiales-apoyamos-movilizaciones-de-un-solo-uruguay\/","title":{"rendered":"Gremiales apoyamos movilizaciones de Un Solo Uruguay"},"content":{"rendered":"<p>\u00abM\u00e1s all\u00e1 de las acciones e instancias de negociaci\u00f3n que las gremiales hacemos a nivel pol\u00edtico es importante ponerse en el lugar del productor que est\u00e1 en el diario vivir, sin poder resolver dificultades serias\u00bb, dijo Virginia San Martin, presidente de CAF en relaci\u00f3n al apoyo de las gremiales (por lo tanto de CAF) a las movilizaciones propuestas por Un Solo Uruguay el d\u00eda del Consejo de Ministros en La Macana el 7 de mayo.<\/p>\n<p>Agreg\u00f3 \u00abpor eso respetamos y apoyamos la expresi\u00f3n de este descontento\u00bb.<\/p>\n<p>El 3 de mayo las gremiales agropecuarias (ACA, ANPL, ARU, CAF y FR) emitieron un Comunicado a la Opini\u00f3n P\u00fablica apoyando la movilizaci\u00f3n del movimiento Un Solo Uruguay prevista para el 7 de mayo en La Macana, en el marco del Consejo de Ministros. All\u00ed se reafirm\u00f3 la defensa al productor y la producci\u00f3n nacional.<\/p>\n","protected":false},"excerpt":{"rendered":"<p>\u00abM\u00e1s all\u00e1 de las acciones e instancias de negociaci\u00f3n que las gremiales hacemos a nivel pol\u00edtico es importante ponerse en el lugar del productor que est\u00e1 en el diario vivir, &hellip; <a class=\"readmore\" href=\"https:\/\/caf.org.uy\/caf\/gremiales-apoyamos-movilizaciones-de-un-solo-uruguay\/\">Seguir leyendo &rarr;<\/a><\/p>\n","protected":false},"author":5,"featured_media":5305,"comment_status":"open","ping_status":"closed","sticky":false,"template":"","format":"standard","meta":{"csbAdvScrollBarCursor":"","footnotes":""},"categories":[20,2,42],"tags":[],"class_list":["post-5303","post","type-post","status-publish","format-standard","has-post-thumbnail","hentry","category-institucional-gremial","category-noticias","category-portada"],"_links":{"self":[{"href":"https:\/\/caf.org.uy\/caf\/wp-json\/wp\/v2\/posts\/5303","targetHints":{"allow":["GET"]}}],"collection":[{"href":"https:\/\/caf.org.uy\/caf\/wp-json\/wp\/v2\/posts"}],"about":[{"href":"https:\/\/caf.org.uy\/caf\/wp-json\/wp\/v2\/types\/post"}],"author":[{"embeddable":true,"href":"https:\/\/caf.org.uy\/caf\/wp-json\/wp\/v2\/users\/5"}],"replies":[{"embeddable":true,"href":"https:\/\/caf.org.uy\/caf\/wp-json\/wp\/v2\/comments?post=5303"}],"version-history":[{"count":1,"href":"https:\/\/caf.org.uy\/caf\/wp-json\/wp\/v2\/posts\/5303\/revisions"}],"predecessor-version":[{"id":5306,"href":"https:\/\/caf.org.uy\/caf\/wp-json\/wp\/v2\/posts\/5303\/revisions\/5306"}],"wp:featuredmedia":[{"embeddable":true,"href":"https:\/\/caf.org.uy\/caf\/wp-json\/wp\/v2\/media\/5305"}],"wp:attachment":[{"href":"https:\/\/caf.org.uy\/caf\/wp-json\/wp\/v2\/media?parent=5303"}],"wp:term":[{"taxonomy":"category","embeddable":true,"href":"https:\/\/caf.org.uy\/caf\/wp-json\/wp\/v2\/categories?post=5303"},{"taxonomy":"post_tag","embeddable":true,"href":"https:\/\/caf.org.uy\/caf\/wp-json\/wp\/v2\/tags?post=5303"}],"curies":[{"name":"wp","href":"https:\/\/api.w.org\/{rel}","templated":true}]}}