{"id":5300,"date":"2018-05-14T14:39:59","date_gmt":"2018-05-14T14:39:59","guid":{"rendered":"https:\/\/caf.org.uy\/caf\/?p=5300"},"modified":"2018-05-14T14:39:59","modified_gmt":"2018-05-14T14:39:59","slug":"inac-se-acerca-mas-al-sector-productivo","status":"publish","type":"post","link":"https:\/\/caf.org.uy\/caf\/inac-se-acerca-mas-al-sector-productivo\/","title":{"rendered":"INAC se acerca m\u00e1s al sector productivo"},"content":{"rendered":"<p>Sesion\u00f3 el Consejo Directivo de CAF el pasado martes 8 de mayo, y se recibi\u00f3 a Jorge Slavica, delegado institucional de CAF en INAC, el Instituto Nacional de la Carne. Present\u00f3 un extenso y profundo informe sobre los principales asuntos de la Junta, fundamentalmente los vinculados a los planteos realizados por CAF por su intermedio. Entre otros temas, destac\u00f3 la labor del INAC enfatizando en \u00ablo importante que es para nuestra gremial que el INAC se acerque al sector productivo\u00bb y destac\u00f3 los avances en esta l\u00ednea.<\/p>\n<p>Por su parte, el Consejo Directivo de CAF en la sesi\u00f3n de mayo, realiz\u00f3 como es tradicional la ronda de novedades cooperativas, all\u00ed los productores directivos de las cooperativas agrarias de los m\u00e1s diversos rubros y de diferentes puntos del p\u00edas dieron su visi\u00f3n y planteos en relaci\u00f3n a la dif\u00edcil y actual coyuntura del sector.<\/p>\n<p>&nbsp;<\/p>\n<p>Finalmente, durante esta sesi\u00f3n de Consejo, se realiz\u00f3 un reconocimiento a la labor de Patricia C\u00e9spedes en el \u00e1rea de comunicaci\u00f3n de CAF, en tanto estar\u00e1 tomando nuevos rumbos laborales a partir del mes de junio de 2018.<\/p>\n","protected":false},"excerpt":{"rendered":"<p>Sesion\u00f3 el Consejo Directivo de CAF el pasado martes 8 de mayo, y se recibi\u00f3 a Jorge Slavica, delegado institucional de CAF en INAC, el Instituto Nacional de la Carne. &hellip; <a class=\"readmore\" href=\"https:\/\/caf.org.uy\/caf\/inac-se-acerca-mas-al-sector-productivo\/\">Seguir leyendo &rarr;<\/a><\/p>\n","protected":false},"author":5,"featured_media":5301,"comment_status":"open","ping_status":"closed","sticky":false,"template":"","format":"standard","meta":{"csbAdvScrollBarCursor":"","footnotes":""},"categories":[20,2,42],"tags":[],"class_list":["post-5300","post","type-post","status-publish","format-standard","has-post-thumbnail","hentry","category-institucional-gremial","category-noticias","category-portada"],"_links":{"self":[{"href":"https:\/\/caf.org.uy\/caf\/wp-json\/wp\/v2\/posts\/5300","targetHints":{"allow":["GET"]}}],"collection":[{"href":"https:\/\/caf.org.uy\/caf\/wp-json\/wp\/v2\/posts"}],"about":[{"href":"https:\/\/caf.org.uy\/caf\/wp-json\/wp\/v2\/types\/post"}],"author":[{"embeddable":true,"href":"https:\/\/caf.org.uy\/caf\/wp-json\/wp\/v2\/users\/5"}],"replies":[{"embeddable":true,"href":"https:\/\/caf.org.uy\/caf\/wp-json\/wp\/v2\/comments?post=5300"}],"version-history":[{"count":1,"href":"https:\/\/caf.org.uy\/caf\/wp-json\/wp\/v2\/posts\/5300\/revisions"}],"predecessor-version":[{"id":5302,"href":"https:\/\/caf.org.uy\/caf\/wp-json\/wp\/v2\/posts\/5300\/revisions\/5302"}],"wp:featuredmedia":[{"embeddable":true,"href":"https:\/\/caf.org.uy\/caf\/wp-json\/wp\/v2\/media\/5301"}],"wp:attachment":[{"href":"https:\/\/caf.org.uy\/caf\/wp-json\/wp\/v2\/media?parent=5300"}],"wp:term":[{"taxonomy":"category","embeddable":true,"href":"https:\/\/caf.org.uy\/caf\/wp-json\/wp\/v2\/categories?post=5300"},{"taxonomy":"post_tag","embeddable":true,"href":"https:\/\/caf.org.uy\/caf\/wp-json\/wp\/v2\/tags?post=5300"}],"curies":[{"name":"wp","href":"https:\/\/api.w.org\/{rel}","templated":true}]}}