{"id":5298,"date":"2018-05-11T14:28:54","date_gmt":"2018-05-11T14:28:54","guid":{"rendered":"https:\/\/caf.org.uy\/caf\/?p=5298"},"modified":"2018-05-14T14:32:56","modified_gmt":"2018-05-14T14:32:56","slug":"estudiando-alternativas-con-asociacion-de-bancos-privados","status":"publish","type":"post","link":"https:\/\/caf.org.uy\/caf\/estudiando-alternativas-con-asociacion-de-bancos-privados\/","title":{"rendered":"Estudiando alternativas con Asociaci\u00f3n de Bancos Privados"},"content":{"rendered":"<p>En el marco de la actual coyuntura del sector, y continuando las l\u00edneas de acciones gremiales ratificadas en la reuni\u00f3n de Presidentes de CAF, el pasado 10 de mayo directivos de las Cooperativas Agrarias Federadas junto a las gremiales agropecuarias se reuni\u00f3n con la Asociaci\u00f3n de Bancos Privados para sensibilizar sobre la situaci\u00f3n del agro. A su salida, Aparicio Hirschy, secretario de CAF dijo \u00abhay disposici\u00f3n de los bancos para atender los planteos, caso a caso\u00bb. Se acordaron nuevas reuniones para seguir avanzando.<\/p>\n","protected":false},"excerpt":{"rendered":"<p>En el marco de la actual coyuntura del sector, y continuando las l\u00edneas de acciones gremiales ratificadas en la reuni\u00f3n de Presidentes de CAF, el pasado 10 de mayo directivos &hellip; <a class=\"readmore\" href=\"https:\/\/caf.org.uy\/caf\/estudiando-alternativas-con-asociacion-de-bancos-privados\/\">Seguir leyendo &rarr;<\/a><\/p>\n","protected":false},"author":5,"featured_media":5261,"comment_status":"open","ping_status":"closed","sticky":false,"template":"","format":"standard","meta":{"csbAdvScrollBarCursor":"","footnotes":""},"categories":[20,2,42],"tags":[],"class_list":["post-5298","post","type-post","status-publish","format-standard","has-post-thumbnail","hentry","category-institucional-gremial","category-noticias","category-portada"],"_links":{"self":[{"href":"https:\/\/caf.org.uy\/caf\/wp-json\/wp\/v2\/posts\/5298","targetHints":{"allow":["GET"]}}],"collection":[{"href":"https:\/\/caf.org.uy\/caf\/wp-json\/wp\/v2\/posts"}],"about":[{"href":"https:\/\/caf.org.uy\/caf\/wp-json\/wp\/v2\/types\/post"}],"author":[{"embeddable":true,"href":"https:\/\/caf.org.uy\/caf\/wp-json\/wp\/v2\/users\/5"}],"replies":[{"embeddable":true,"href":"https:\/\/caf.org.uy\/caf\/wp-json\/wp\/v2\/comments?post=5298"}],"version-history":[{"count":1,"href":"https:\/\/caf.org.uy\/caf\/wp-json\/wp\/v2\/posts\/5298\/revisions"}],"predecessor-version":[{"id":5299,"href":"https:\/\/caf.org.uy\/caf\/wp-json\/wp\/v2\/posts\/5298\/revisions\/5299"}],"wp:featuredmedia":[{"embeddable":true,"href":"https:\/\/caf.org.uy\/caf\/wp-json\/wp\/v2\/media\/5261"}],"wp:attachment":[{"href":"https:\/\/caf.org.uy\/caf\/wp-json\/wp\/v2\/media?parent=5298"}],"wp:term":[{"taxonomy":"category","embeddable":true,"href":"https:\/\/caf.org.uy\/caf\/wp-json\/wp\/v2\/categories?post=5298"},{"taxonomy":"post_tag","embeddable":true,"href":"https:\/\/caf.org.uy\/caf\/wp-json\/wp\/v2\/tags?post=5298"}],"curies":[{"name":"wp","href":"https:\/\/api.w.org\/{rel}","templated":true}]}}