{"id":5272,"date":"2018-03-16T13:02:04","date_gmt":"2018-03-16T13:02:04","guid":{"rendered":"https:\/\/caf.org.uy\/caf\/?p=5272"},"modified":"2018-04-04T19:33:21","modified_gmt":"2018-04-04T19:33:21","slug":"5272","status":"publish","type":"post","link":"https:\/\/caf.org.uy\/caf\/5272\/","title":{"rendered":"Del g\u00e9nero al talento en el medio rural"},"content":{"rendered":"<p>Un lugar distinto para una reuni\u00f3n de trabajo: desde Sinergia Design, mujeres directivas de Federaci\u00f3n Rural y de CAF fortaleciendo su rol en organizaciones con mujeres que toman decisiones.<\/p>\n<p>El 15 de marzo, tuvo lugar este encuentro de trabajo donde participaron Virginia San Martin y Stefan\u00eda Silveyra &#8211; presidente y tesorera de CAF-, Pilar Camy y Karina Zurreta directivas de Federaci\u00f3n Rural, as\u00ed como Fernanda Maldonado referente de ambas instituciones.<\/p>\n<p>Planificando el a\u00f1o para fortalecer el rol de las mujeres en lugares de toma de decisi\u00f3n en las gremiales agropecuarias, m\u00e1xime en una coyuntura dif\u00edcil del sector, las directivas estar\u00e1n realizando un ciclo de formaci\u00f3n en temas de liderazgo, toma de decisiones y autoconfianza. El ciclo se llevar\u00e1 adelante en los meses de junio, julio y agosto de 2018.<\/p>\n<p>&nbsp;<\/p>\n<p><img fetchpriority=\"high\" decoding=\"async\" class=\"aligncenter size-large wp-image-5273\" src=\"https:\/\/caf.org.uy\/caf\/wp-content\/uploads\/2018\/04\/DYWqhnkWsAMVJbY-640x480.jpg\" alt=\"\" width=\"640\" height=\"480\" srcset=\"https:\/\/caf.org.uy\/caf\/wp-content\/uploads\/2018\/04\/DYWqhnkWsAMVJbY-640x480.jpg 640w, https:\/\/caf.org.uy\/caf\/wp-content\/uploads\/2018\/04\/DYWqhnkWsAMVJbY-413x310.jpg 413w, https:\/\/caf.org.uy\/caf\/wp-content\/uploads\/2018\/04\/DYWqhnkWsAMVJbY-768x576.jpg 768w, https:\/\/caf.org.uy\/caf\/wp-content\/uploads\/2018\/04\/DYWqhnkWsAMVJbY-1000x750.jpg 1000w, https:\/\/caf.org.uy\/caf\/wp-content\/uploads\/2018\/04\/DYWqhnkWsAMVJbY.jpg 1024w\" sizes=\"(max-width: 640px) 100vw, 640px\" \/><\/p>\n","protected":false},"excerpt":{"rendered":"<p>Un lugar distinto para una reuni\u00f3n de trabajo: desde Sinergia Design, mujeres directivas de Federaci\u00f3n Rural y de CAF fortaleciendo su rol en organizaciones con mujeres que toman decisiones. El &hellip; <a class=\"readmore\" href=\"https:\/\/caf.org.uy\/caf\/5272\/\">Seguir leyendo &rarr;<\/a><\/p>\n","protected":false},"author":5,"featured_media":5273,"comment_status":"open","ping_status":"closed","sticky":false,"template":"","format":"standard","meta":{"csbAdvScrollBarCursor":"","footnotes":""},"categories":[20,2,42],"tags":[],"class_list":["post-5272","post","type-post","status-publish","format-standard","has-post-thumbnail","hentry","category-institucional-gremial","category-noticias","category-portada"],"_links":{"self":[{"href":"https:\/\/caf.org.uy\/caf\/wp-json\/wp\/v2\/posts\/5272","targetHints":{"allow":["GET"]}}],"collection":[{"href":"https:\/\/caf.org.uy\/caf\/wp-json\/wp\/v2\/posts"}],"about":[{"href":"https:\/\/caf.org.uy\/caf\/wp-json\/wp\/v2\/types\/post"}],"author":[{"embeddable":true,"href":"https:\/\/caf.org.uy\/caf\/wp-json\/wp\/v2\/users\/5"}],"replies":[{"embeddable":true,"href":"https:\/\/caf.org.uy\/caf\/wp-json\/wp\/v2\/comments?post=5272"}],"version-history":[{"count":2,"href":"https:\/\/caf.org.uy\/caf\/wp-json\/wp\/v2\/posts\/5272\/revisions"}],"predecessor-version":[{"id":5275,"href":"https:\/\/caf.org.uy\/caf\/wp-json\/wp\/v2\/posts\/5272\/revisions\/5275"}],"wp:featuredmedia":[{"embeddable":true,"href":"https:\/\/caf.org.uy\/caf\/wp-json\/wp\/v2\/media\/5273"}],"wp:attachment":[{"href":"https:\/\/caf.org.uy\/caf\/wp-json\/wp\/v2\/media?parent=5272"}],"wp:term":[{"taxonomy":"category","embeddable":true,"href":"https:\/\/caf.org.uy\/caf\/wp-json\/wp\/v2\/categories?post=5272"},{"taxonomy":"post_tag","embeddable":true,"href":"https:\/\/caf.org.uy\/caf\/wp-json\/wp\/v2\/tags?post=5272"}],"curies":[{"name":"wp","href":"https:\/\/api.w.org\/{rel}","templated":true}]}}