{"id":5269,"date":"2018-03-24T12:52:12","date_gmt":"2018-03-24T12:52:12","guid":{"rendered":"https:\/\/caf.org.uy\/caf\/?p=5269"},"modified":"2018-04-03T12:54:41","modified_gmt":"2018-04-03T12:54:41","slug":"gobierno-analizara-propuesta-de-gremiales-del-agro-de-bajar-el-precio-del-gasoil","status":"publish","type":"post","link":"https:\/\/caf.org.uy\/caf\/gobierno-analizara-propuesta-de-gremiales-del-agro-de-bajar-el-precio-del-gasoil\/","title":{"rendered":"Gobierno analizar\u00e1 propuesta de gremiales del agro de bajar el precio del gasoil"},"content":{"rendered":"<div>Luego de un inicio crispado en la mesa de di\u00e1logo que el Poder Ejecutivo abri\u00f3 con las principales gremiales agropecuarias en busca de soluciones al problema de rentabilidad que atraviesa la producci\u00f3n, en la segunda instancia se apreci\u00f3 un clima \u00abm\u00e1s arm\u00f3nico\u00bb pese a que hubo \u00abalg\u00fan chisporroteo\u00bb sobre el diagn\u00f3stico general de sector, revel\u00f3 a\u00a0<i>El Observador\u00a0<\/i>una fuente oficial que particip\u00f3 del encuentro que se prolong\u00f3 por m\u00e1s de tres horas. \u00abUna cosa es lo que se declara para la prensa y otra es el clima de trabajo que hubo dentro del encuentro\u00bb, destac\u00f3.<\/div>\n<div><\/div>\n<div>Uno de los aspectos que el gobierno rescat\u00f3 del encuentro fue la \u00absolidez\u00bb en t\u00e9rminos generales de una propuesta para bajar 20% el precio del gasoil al valor que hoy arroja la paridad de importaci\u00f3n (unos $ 32 por litro), frente a un precio de venta al p\u00fablico de $ 40,40, lo que implica una reducci\u00f3n de $ 8,40 por litro, y una resignaci\u00f3n de ingreso para el Estado por unos US$ 240 millones anuales.<\/div>\n<div><\/div>\n<div>La fuente oficial indic\u00f3 que si bien alguno de los supuestos que maneja la gremial pueden ser cuestionables y refutables, otros \u00abhabr\u00e1 que estudiarlos\u00bb con mayor profundidad. La propuesta del gasoil fue elaborada por un equipo de t\u00e9cnicos de la Asociaci\u00f3n de Cultivadores de Arroz (ACA). \u00abVamos a analizar con mayor detalle ese planteo\u00bb, indicaron desde el gobierno. Un Solo Uruguay a\u00f1adi\u00f3 a esa propuesta un plan para reducir la mezcla de biocombustibles, algo que tambi\u00e9n contribuir\u00eda a un\u00a0<a class=\"agrupador\" href=\"https:\/\/www.elobservador.com.uy\/ahorro-a2526\" rel=\"2526\">ahorro<\/a>para hacer m\u00e1s competitivo las tarifas del gasoil.<\/div>\n<div><\/div>\n<div>El encuentro estuvo encabezado por el ministro de Ganader\u00eda, Enzo Benech, el subsecretario de Econom\u00eda, Pablo Ferreri, el secretario de la Presidencia, Miguel \u00c1ngel Toma, el subdirector de la OPP, Santiago Soto, y el ministro de Trabajo, Ernesto Murro. La delegaci\u00f3n de las gremiales estuvo integrada por el presidente de la Asociaci\u00f3n Rural, Pablo Zerbino, el titular de la Asociaci\u00f3n Nacional de Productores de Leche, Wilson Cabrera, la presidenta de Cooperativas Agrarias Federadas (CAF), Virginia San Mart\u00edn, el presidente de Comisi\u00f3n Nacional de Fomento Rural, Mario Buzzalino, el vicepresidente de la Federaci\u00f3n Rural, Ricardo Berois, el presidente de la ACA, Freddy Lago, y el delegado de Un Solo Uruguay, Guillermo Franchi.<\/div>\n<div><\/div>\n<div>Seg\u00fan explic\u00f3 a la prensa el delegado del movimiento Un Solo Uruguay, Guillermo Franchi, la propuesta para reducir el precio del gasoil no \u00abimplica una reducci\u00f3n\u00bb de ingresos para el Estado, aunque \u00abseguramente haya n\u00fameros\u00bb para corregir. \u00abPretendemos que el gasoil tenga rebaja a nivel de estaci\u00f3n de servicio, que pueda acceder el comerciante, el distribuidor de servicio, el comerciante, el transportista, hasta ahora las medidas no son respuestas hacia el movimiento; pretendemos que no se sectorice\u00bb, afirm\u00f3.<\/div>\n<div><\/div>\n<div>\u00abHay que estudiarla. Al precio del gasoil hoy se le descuenta el IVA, los que tributan por IRAE ya lo descuentan, algunos rubros -lecher\u00eda, ganader\u00eda, frutihorticultura, arroceros- que tributan por Imeba ya est\u00e1 descontado, el precio es 18,3% menos\u00bb, respondi\u00f3 Benech a la salida.<\/div>\n<div><\/div>\n<div>La fuente del gobierno indic\u00f3 que ahora el Poder Ejecutivo analizar\u00e1 las propuestas y luego volver\u00e1 convocar a las partes a la mesa de di\u00e1logo para seguir trabajando y dar una respuesta al planteo con medidas concretas que elevaron este mi\u00e9rcoles las gremiales.<\/div>\n<div><\/div>\n<div>\n<h3 id=\"titleCMStkben2071hb\" class=\"tdCmsTitle1\">Tomar nota para corregir<\/h3>\n<\/div>\n<div>Cuando arranc\u00f3 la reuni\u00f3n, el Poder Ejecutivo hizo un repaso de las medidas que aprob\u00f3 en apoyo al\u00a0<a class=\"agrupador\" href=\"https:\/\/www.elobservador.com.uy\/agro-a2394\" rel=\"2394\">agro<\/a>, de las cuales la mayor\u00eda ya est\u00e1n en ejecuci\u00f3n, como la devoluci\u00f3n del IVA al gasoil para los peque\u00f1os y medianos productores que no tributan IRAE. Durante esa instancia, algunas gremiales plantearon reparos sobre \u00abproblemas de implementaci\u00f3n\u00bb, y el gobierno tom\u00f3 nota.<\/div>\n<div><\/div>\n<div>\u00abFue una reuni\u00f3n altamente productiva. El primer punto era evaluar y analizar las medidas que estamos tomando, si sirven, si no sirven. El segundo punto era explicar problemas de d\u00e9ficit de agua, compartir las medidas que est\u00e1bamos tomando como gobierno\u00bb, declar\u00f3 Benech a la prensa tras la reuni\u00f3n. El tercer orden del d\u00eda fue recibir los planteos de las gremiales con propuestas.<\/div>\n<div><\/div>\n<div>Dentro de las medidas complementarias que se agregaron, el ministro de Ganader\u00eda record\u00f3 las l\u00edneas de cr\u00e9dito especiales que sac\u00f3 el Banco Rep\u00fablica para apoyar a los productores con la sequ\u00eda, y la congelaci\u00f3n de las rentas por parte del Instituto Nacional de Colonizaci\u00f3n. Sobre el apoyo por la emergencia agropecuaria, Benech inform\u00f3 que se han recibido 964 solicitudes de los productores por 9,3 millones de kilos de c\u00e1scara de soja. \u00abLa distribuci\u00f3n comenzar\u00e1 inmediatamente despu\u00e9s de Turismo\u00bb, anunci\u00f3 Benech.<\/div>\n<div><\/div>\n<div>Por otro lado, el jerarca admiti\u00f3 que el d\u00e9ficit de lluvias tendr\u00e1 un efecto importante sobre la\u00a0<a class=\"agrupador\" href=\"https:\/\/www.elobservador.com.uy\/agricultura-a1023\" rel=\"1023\">agricultura<\/a>en el corto plazo. \u00abSi tenemos 1 mill\u00f3n de hect\u00e1reas de soja, tenemos merma de rendimiento y sabemos cu\u00e1nto vale la soja; es cuesti\u00f3n de n\u00fameros de Primaria para que cierren. Sin duda va a haber prejuicios importantes\u00bb, reconoci\u00f3.<\/div>\n<div><\/div>\n<div>Fuente:\u00a0https:\/\/www.elobservador.com.uy\/gobierno-analizara-propuesta-gremiales-del-agro-bajar-el-precio-del-gasoil-n1193417<\/div>\n","protected":false},"excerpt":{"rendered":"<p>Luego de un inicio crispado en la mesa de di\u00e1logo que el Poder Ejecutivo abri\u00f3 con las principales gremiales agropecuarias en busca de soluciones al problema de rentabilidad que atraviesa &hellip; <a class=\"readmore\" href=\"https:\/\/caf.org.uy\/caf\/gobierno-analizara-propuesta-de-gremiales-del-agro-de-bajar-el-precio-del-gasoil\/\">Seguir leyendo &rarr;<\/a><\/p>\n","protected":false},"author":5,"featured_media":5270,"comment_status":"open","ping_status":"closed","sticky":false,"template":"","format":"standard","meta":{"csbAdvScrollBarCursor":"","footnotes":""},"categories":[20,2,42],"tags":[],"class_list":["post-5269","post","type-post","status-publish","format-standard","has-post-thumbnail","hentry","category-institucional-gremial","category-noticias","category-portada"],"_links":{"self":[{"href":"https:\/\/caf.org.uy\/caf\/wp-json\/wp\/v2\/posts\/5269","targetHints":{"allow":["GET"]}}],"collection":[{"href":"https:\/\/caf.org.uy\/caf\/wp-json\/wp\/v2\/posts"}],"about":[{"href":"https:\/\/caf.org.uy\/caf\/wp-json\/wp\/v2\/types\/post"}],"author":[{"embeddable":true,"href":"https:\/\/caf.org.uy\/caf\/wp-json\/wp\/v2\/users\/5"}],"replies":[{"embeddable":true,"href":"https:\/\/caf.org.uy\/caf\/wp-json\/wp\/v2\/comments?post=5269"}],"version-history":[{"count":1,"href":"https:\/\/caf.org.uy\/caf\/wp-json\/wp\/v2\/posts\/5269\/revisions"}],"predecessor-version":[{"id":5271,"href":"https:\/\/caf.org.uy\/caf\/wp-json\/wp\/v2\/posts\/5269\/revisions\/5271"}],"wp:featuredmedia":[{"embeddable":true,"href":"https:\/\/caf.org.uy\/caf\/wp-json\/wp\/v2\/media\/5270"}],"wp:attachment":[{"href":"https:\/\/caf.org.uy\/caf\/wp-json\/wp\/v2\/media?parent=5269"}],"wp:term":[{"taxonomy":"category","embeddable":true,"href":"https:\/\/caf.org.uy\/caf\/wp-json\/wp\/v2\/categories?post=5269"},{"taxonomy":"post_tag","embeddable":true,"href":"https:\/\/caf.org.uy\/caf\/wp-json\/wp\/v2\/tags?post=5269"}],"curies":[{"name":"wp","href":"https:\/\/api.w.org\/{rel}","templated":true}]}}