{"id":5264,"date":"2018-03-23T12:46:51","date_gmt":"2018-03-23T12:46:51","guid":{"rendered":"https:\/\/caf.org.uy\/caf\/?p=5264"},"modified":"2018-04-03T12:52:06","modified_gmt":"2018-04-03T12:52:06","slug":"gremiales-y-un-solo-uruguay-planificando-reunion-con-poder-ejecutivo","status":"publish","type":"post","link":"https:\/\/caf.org.uy\/caf\/gremiales-y-un-solo-uruguay-planificando-reunion-con-poder-ejecutivo\/","title":{"rendered":"Gremiales y Un Solo Uruguay planificando reuni\u00f3n con Poder Ejecutivo"},"content":{"rendered":"<p>El 21 de marzo, las gremiales agropecuarias ARU, FR, CNFR, ANPL, ACA y CAF y Guillermo Frachi delegado por Un Solo Uruguay se encontraron en la sede de nuestra Federaci\u00f3n para preparar la reuni\u00f3n con el Poder Ejecutivo, en esa misma tarde, con el objetivo de concretar nuevos caminos que levanten la dif\u00edcil situaci\u00f3n del sector.<\/p>\n<p>En la oportunidad, las gremiales elaboraron un solo documento con la evaluaci\u00f3n de lo realizado por parte del gobierno en el marco de la actual coyuntura &#8211; las medidas -, y los planteos a\u00fan pendientes con un formato de propuestas para trabajar con el Poder Ejecutivo y as\u00ed encontrar las soluciones a las problem\u00e1ticas en todos los rubros productivos.<\/p>\n<p><img fetchpriority=\"high\" decoding=\"async\" class=\"aligncenter size-large wp-image-5266\" src=\"https:\/\/caf.org.uy\/caf\/wp-content\/uploads\/2018\/04\/Reunion-de-gremiales-21-mar-640x480.jpg\" alt=\"\" width=\"640\" height=\"480\" srcset=\"https:\/\/caf.org.uy\/caf\/wp-content\/uploads\/2018\/04\/Reunion-de-gremiales-21-mar-640x480.jpg 640w, https:\/\/caf.org.uy\/caf\/wp-content\/uploads\/2018\/04\/Reunion-de-gremiales-21-mar-413x310.jpg 413w, https:\/\/caf.org.uy\/caf\/wp-content\/uploads\/2018\/04\/Reunion-de-gremiales-21-mar-768x576.jpg 768w, https:\/\/caf.org.uy\/caf\/wp-content\/uploads\/2018\/04\/Reunion-de-gremiales-21-mar-1000x750.jpg 1000w, https:\/\/caf.org.uy\/caf\/wp-content\/uploads\/2018\/04\/Reunion-de-gremiales-21-mar.jpg 1200w\" sizes=\"(max-width: 640px) 100vw, 640px\" \/><\/p>\n<p>&nbsp;<\/p>\n","protected":false},"excerpt":{"rendered":"<p>El 21 de marzo, las gremiales agropecuarias ARU, FR, CNFR, ANPL, ACA y CAF y Guillermo Frachi delegado por Un Solo Uruguay se encontraron en la sede de nuestra Federaci\u00f3n &hellip; <a class=\"readmore\" href=\"https:\/\/caf.org.uy\/caf\/gremiales-y-un-solo-uruguay-planificando-reunion-con-poder-ejecutivo\/\">Seguir leyendo &rarr;<\/a><\/p>\n","protected":false},"author":5,"featured_media":5265,"comment_status":"open","ping_status":"closed","sticky":false,"template":"","format":"standard","meta":{"csbAdvScrollBarCursor":"","footnotes":""},"categories":[20,2,42],"tags":[],"class_list":["post-5264","post","type-post","status-publish","format-standard","has-post-thumbnail","hentry","category-institucional-gremial","category-noticias","category-portada"],"_links":{"self":[{"href":"https:\/\/caf.org.uy\/caf\/wp-json\/wp\/v2\/posts\/5264","targetHints":{"allow":["GET"]}}],"collection":[{"href":"https:\/\/caf.org.uy\/caf\/wp-json\/wp\/v2\/posts"}],"about":[{"href":"https:\/\/caf.org.uy\/caf\/wp-json\/wp\/v2\/types\/post"}],"author":[{"embeddable":true,"href":"https:\/\/caf.org.uy\/caf\/wp-json\/wp\/v2\/users\/5"}],"replies":[{"embeddable":true,"href":"https:\/\/caf.org.uy\/caf\/wp-json\/wp\/v2\/comments?post=5264"}],"version-history":[{"count":1,"href":"https:\/\/caf.org.uy\/caf\/wp-json\/wp\/v2\/posts\/5264\/revisions"}],"predecessor-version":[{"id":5267,"href":"https:\/\/caf.org.uy\/caf\/wp-json\/wp\/v2\/posts\/5264\/revisions\/5267"}],"wp:featuredmedia":[{"embeddable":true,"href":"https:\/\/caf.org.uy\/caf\/wp-json\/wp\/v2\/media\/5265"}],"wp:attachment":[{"href":"https:\/\/caf.org.uy\/caf\/wp-json\/wp\/v2\/media?parent=5264"}],"wp:term":[{"taxonomy":"category","embeddable":true,"href":"https:\/\/caf.org.uy\/caf\/wp-json\/wp\/v2\/categories?post=5264"},{"taxonomy":"post_tag","embeddable":true,"href":"https:\/\/caf.org.uy\/caf\/wp-json\/wp\/v2\/tags?post=5264"}],"curies":[{"name":"wp","href":"https:\/\/api.w.org\/{rel}","templated":true}]}}