{"id":5259,"date":"2018-03-26T12:35:51","date_gmt":"2018-03-26T12:35:51","guid":{"rendered":"https:\/\/caf.org.uy\/caf\/?p=5259"},"modified":"2018-04-03T12:44:48","modified_gmt":"2018-04-03T12:44:48","slug":"presidentes-de-caf-planifican-acciones-2018","status":"publish","type":"post","link":"https:\/\/caf.org.uy\/caf\/presidentes-de-caf-planifican-acciones-2018\/","title":{"rendered":"Presidentes de CAF planifican acciones 2018"},"content":{"rendered":"<p>\u00abJuntos definimos una l\u00ednea de acci\u00f3n gremial en un contexto muy complejo, un entorno global complicado para todos y dada la situaci\u00f3n clim\u00e1tica muy complejo para los agr\u00edcolas\u201d dijo Virginia San Mart\u00edn en la reuni\u00f3n de Presidentes de CAF que tuvo lugar el pasado 22 de marzo.<\/p>\n<p>El objetivo del encuentro fue profundizar la acci\u00f3n de CAF en la actual coyuntura del sector. En primer lugar se hizo una ronda de planteos y posturas de la delegaci\u00f3n de cada cooperativa participante (presidente, directivos referentes y gerentes) y luego el Comit\u00e9 Ejecutivo de CAF present\u00f3 una propuesta que incluye la estrategia y acci\u00f3n gremial para la fiel representaci\u00f3n de los intereses y preocupaciones de las cooperativas y fomentos asociadas, y por otro, vinculados a las tem\u00e1ticas que se abordan para fomentar el desarrollo integral de las empresas cooperativas.<\/p>\n<p>Fue una jornada fructifera, con un intercambio nutrido y altamente participativo, que confirma la representatividad de CAF en el territorio, as\u00ed como se vio reforzada su estrategia gremial para el a\u00f1o 2018.<\/p>\n<p><img fetchpriority=\"high\" decoding=\"async\" class=\"aligncenter size-large wp-image-5261\" src=\"https:\/\/caf.org.uy\/caf\/wp-content\/uploads\/2018\/04\/DY6LqixX0AETWpN-640x480.jpg\" alt=\"\" width=\"640\" height=\"480\" srcset=\"https:\/\/caf.org.uy\/caf\/wp-content\/uploads\/2018\/04\/DY6LqixX0AETWpN-640x480.jpg 640w, https:\/\/caf.org.uy\/caf\/wp-content\/uploads\/2018\/04\/DY6LqixX0AETWpN-413x310.jpg 413w, https:\/\/caf.org.uy\/caf\/wp-content\/uploads\/2018\/04\/DY6LqixX0AETWpN-768x576.jpg 768w, https:\/\/caf.org.uy\/caf\/wp-content\/uploads\/2018\/04\/DY6LqixX0AETWpN-1000x750.jpg 1000w, https:\/\/caf.org.uy\/caf\/wp-content\/uploads\/2018\/04\/DY6LqixX0AETWpN.jpg 1024w\" sizes=\"(max-width: 640px) 100vw, 640px\" \/><\/p>\n","protected":false},"excerpt":{"rendered":"<p>\u00abJuntos definimos una l\u00ednea de acci\u00f3n gremial en un contexto muy complejo, un entorno global complicado para todos y dada la situaci\u00f3n clim\u00e1tica muy complejo para los agr\u00edcolas\u201d dijo Virginia &hellip; <a class=\"readmore\" href=\"https:\/\/caf.org.uy\/caf\/presidentes-de-caf-planifican-acciones-2018\/\">Seguir leyendo &rarr;<\/a><\/p>\n","protected":false},"author":5,"featured_media":5260,"comment_status":"open","ping_status":"closed","sticky":false,"template":"","format":"standard","meta":{"csbAdvScrollBarCursor":"","footnotes":""},"categories":[20,2,42],"tags":[],"class_list":["post-5259","post","type-post","status-publish","format-standard","has-post-thumbnail","hentry","category-institucional-gremial","category-noticias","category-portada"],"_links":{"self":[{"href":"https:\/\/caf.org.uy\/caf\/wp-json\/wp\/v2\/posts\/5259","targetHints":{"allow":["GET"]}}],"collection":[{"href":"https:\/\/caf.org.uy\/caf\/wp-json\/wp\/v2\/posts"}],"about":[{"href":"https:\/\/caf.org.uy\/caf\/wp-json\/wp\/v2\/types\/post"}],"author":[{"embeddable":true,"href":"https:\/\/caf.org.uy\/caf\/wp-json\/wp\/v2\/users\/5"}],"replies":[{"embeddable":true,"href":"https:\/\/caf.org.uy\/caf\/wp-json\/wp\/v2\/comments?post=5259"}],"version-history":[{"count":1,"href":"https:\/\/caf.org.uy\/caf\/wp-json\/wp\/v2\/posts\/5259\/revisions"}],"predecessor-version":[{"id":5262,"href":"https:\/\/caf.org.uy\/caf\/wp-json\/wp\/v2\/posts\/5259\/revisions\/5262"}],"wp:featuredmedia":[{"embeddable":true,"href":"https:\/\/caf.org.uy\/caf\/wp-json\/wp\/v2\/media\/5260"}],"wp:attachment":[{"href":"https:\/\/caf.org.uy\/caf\/wp-json\/wp\/v2\/media?parent=5259"}],"wp:term":[{"taxonomy":"category","embeddable":true,"href":"https:\/\/caf.org.uy\/caf\/wp-json\/wp\/v2\/categories?post=5259"},{"taxonomy":"post_tag","embeddable":true,"href":"https:\/\/caf.org.uy\/caf\/wp-json\/wp\/v2\/tags?post=5259"}],"curies":[{"name":"wp","href":"https:\/\/api.w.org\/{rel}","templated":true}]}}