{"id":5251,"date":"2018-03-14T15:30:10","date_gmt":"2018-03-14T15:30:10","guid":{"rendered":"https:\/\/caf.org.uy\/caf\/?p=5251"},"modified":"2018-03-14T15:30:10","modified_gmt":"2018-03-14T15:30:10","slug":"el-viacrucis-de-la-agroindustria","status":"publish","type":"post","link":"https:\/\/caf.org.uy\/caf\/el-viacrucis-de-la-agroindustria\/","title":{"rendered":"El viacrucis de la agroindustria"},"content":{"rendered":"<p>Eduardo Pietra, directivo de CAF por Central Lanera Uruguaya, particip\u00f3 ayer de la sesi\u00f3n del Consejo Directivo de CAF y present\u00f3 un an\u00e1lisis de la actual coyuntura del sector agropecuario desde la perspectiva de la cadena lanera. Y enfatiz\u00f3 que \u00abpara hablar de competitividad debemos hablar desde un enfoque de cadenas productivas\u00bb.<\/p>\n<p>Pietra hizo un recorrido por los obst\u00e1culos que debe pasar cualquier agroindustria, pero especialmente la peinadur\u00eda de Central Lanera Uruguaya en el camino a la exportaci\u00f3n. Habl\u00f3 de los elevados aranceles para entrar a los mercados, luego de los altos costos de fletes volviendo a poner una vez m\u00e1s el ejemplo \u00abun flete a Artigatos cuesta 5 veces m\u00e1s que enviarlo a Shangai\u00bb dijo. Tambi\u00e9n mencion\u00f3 los altos costos salariales que no van de la mano con la productividad; los alt\u00edsimos costos de producci\u00f3n como la energ\u00eda el\u00e9ctrica \u00abhay cero traslado de los avances nacionales en materia energ\u00e9tica el\u00e9ctrica a la tarifa que pagamos, las agroindustrias trabajan las 24 horas, no importan las tarifas diferenciales, nuestros competidores en lana son China, Rep\u00fablica Checa y Argentina, ellos tienen electricidad mucho m\u00e1s barata que Uruguay\u00bb.<\/p>\n<p>Finalmente hizo una comparaci\u00f3n sobre los beneficios que se recib\u00edan tiempo atr\u00e1s y que ahora bajaron como la devoluci\u00f3n de impuestos. Y en el final del viacrucis, dice Pietra, est\u00e1 el tipo de cambio \u00abuna vez que logramos hacer todo ese camino anterior con esos obst\u00e1culos, cuando cobramos en d\u00f3lares el tipo de cambio no favorece para cubrir los costos antes descritos\u00bb.<\/p>\n<p>Por su parte, el Consejo de CAF ratific\u00f3 la decisi\u00f3n de adherir a las movilizaciones que se llevan a cabo el d\u00eda de hoy en distintos puntos del pa\u00eds con el fin de sensibilizar al gobierno, partidos pol\u00edticos y sociedad en su conjunto sobre la adversa situaci\u00f3n que est\u00e1 atravesando el sector.\u00a0El Consejo Directivo de CAF analiz\u00f3 la marcha de los acontecimientos en el sector y manifest\u00f3 que todo aquello que obstaculice un buen funcionamiento de la cadena termina afectando a todos los integrantes de la misma, y en el caso de las cooperativas, afecta tambi\u00e9n a sus productores.<\/p>\n<p>&nbsp;<\/p>\n","protected":false},"excerpt":{"rendered":"<p>Eduardo Pietra, directivo de CAF por Central Lanera Uruguaya, particip\u00f3 ayer de la sesi\u00f3n del Consejo Directivo de CAF y present\u00f3 un an\u00e1lisis de la actual coyuntura del sector agropecuario &hellip; <a class=\"readmore\" href=\"https:\/\/caf.org.uy\/caf\/el-viacrucis-de-la-agroindustria\/\">Seguir leyendo &rarr;<\/a><\/p>\n","protected":false},"author":5,"featured_media":5252,"comment_status":"open","ping_status":"closed","sticky":false,"template":"","format":"standard","meta":{"csbAdvScrollBarCursor":"","footnotes":""},"categories":[20,2,42],"tags":[],"class_list":["post-5251","post","type-post","status-publish","format-standard","has-post-thumbnail","hentry","category-institucional-gremial","category-noticias","category-portada"],"_links":{"self":[{"href":"https:\/\/caf.org.uy\/caf\/wp-json\/wp\/v2\/posts\/5251","targetHints":{"allow":["GET"]}}],"collection":[{"href":"https:\/\/caf.org.uy\/caf\/wp-json\/wp\/v2\/posts"}],"about":[{"href":"https:\/\/caf.org.uy\/caf\/wp-json\/wp\/v2\/types\/post"}],"author":[{"embeddable":true,"href":"https:\/\/caf.org.uy\/caf\/wp-json\/wp\/v2\/users\/5"}],"replies":[{"embeddable":true,"href":"https:\/\/caf.org.uy\/caf\/wp-json\/wp\/v2\/comments?post=5251"}],"version-history":[{"count":1,"href":"https:\/\/caf.org.uy\/caf\/wp-json\/wp\/v2\/posts\/5251\/revisions"}],"predecessor-version":[{"id":5253,"href":"https:\/\/caf.org.uy\/caf\/wp-json\/wp\/v2\/posts\/5251\/revisions\/5253"}],"wp:featuredmedia":[{"embeddable":true,"href":"https:\/\/caf.org.uy\/caf\/wp-json\/wp\/v2\/media\/5252"}],"wp:attachment":[{"href":"https:\/\/caf.org.uy\/caf\/wp-json\/wp\/v2\/media?parent=5251"}],"wp:term":[{"taxonomy":"category","embeddable":true,"href":"https:\/\/caf.org.uy\/caf\/wp-json\/wp\/v2\/categories?post=5251"},{"taxonomy":"post_tag","embeddable":true,"href":"https:\/\/caf.org.uy\/caf\/wp-json\/wp\/v2\/tags?post=5251"}],"curies":[{"name":"wp","href":"https:\/\/api.w.org\/{rel}","templated":true}]}}