{"id":5242,"date":"2018-03-12T16:45:41","date_gmt":"2018-03-12T16:45:41","guid":{"rendered":"https:\/\/caf.org.uy\/caf\/?p=5242"},"modified":"2018-03-12T16:45:41","modified_gmt":"2018-03-12T16:45:41","slug":"gremiales-adhieren-a-movilizaciones-del-14-de-marzo","status":"publish","type":"post","link":"https:\/\/caf.org.uy\/caf\/gremiales-adhieren-a-movilizaciones-del-14-de-marzo\/","title":{"rendered":"Gremiales adhieren a movilizaciones del 14 de marzo"},"content":{"rendered":"<p>Las gremiales agropecuarias abajo firmantes adhieren en forma conjunta a la convocatoria realizada por Un Solo Uruguay prevista para el 14 de marzo de 2018. En la misma se estar\u00e1n realizando una serie de movilizaciones y concentraciones en diferentes puntos del pa\u00eds con el fin de continuar sensibilizado al Gobierno, partidos pol\u00edticos y la sociedad en su conjunto sobre las circunstancias adversas por la que atraviesan todos los sectores productivos sin excepci\u00f3n.<\/p>\n<p>As\u00ed mismo, las gremiales agropecuarias siguen expectantes de lograr una mesa de trabajo efectiva con el Gobierno, para profundizar en la b\u00fasqueda de soluciones a los problemas de competitividad en todas las cadenas de valor agropecuarias.<\/p>\n<p><strong>Asociaci\u00f3n Cultivadores de Arroz\u00a0 &#8211;\u00a0 Asociaci\u00f3n Rural del Uruguay\u00a0 &#8211;\u00a0 Asociaci\u00f3n Nacional de Productores de Leche\u00a0 &#8211;\u00a0 Cooperativas Agrarias Federadas\u00a0 &#8211;\u00a0 Federaci\u00f3n Rural del Uruguay<\/strong><\/p>\n<p><img fetchpriority=\"high\" decoding=\"async\" class=\"aligncenter size-large wp-image-5243\" src=\"https:\/\/caf.org.uy\/caf\/wp-content\/uploads\/2018\/03\/Comunicado-12-marzo-2018-599x480.jpg\" alt=\"\" width=\"599\" height=\"480\" srcset=\"https:\/\/caf.org.uy\/caf\/wp-content\/uploads\/2018\/03\/Comunicado-12-marzo-2018-599x480.jpg 599w, https:\/\/caf.org.uy\/caf\/wp-content\/uploads\/2018\/03\/Comunicado-12-marzo-2018-387x310.jpg 387w, https:\/\/caf.org.uy\/caf\/wp-content\/uploads\/2018\/03\/Comunicado-12-marzo-2018.jpg 727w\" sizes=\"(max-width: 599px) 100vw, 599px\" \/><\/p>\n","protected":false},"excerpt":{"rendered":"<p>Las gremiales agropecuarias abajo firmantes adhieren en forma conjunta a la convocatoria realizada por Un Solo Uruguay prevista para el 14 de marzo de 2018. En la misma se estar\u00e1n &hellip; <a class=\"readmore\" href=\"https:\/\/caf.org.uy\/caf\/gremiales-adhieren-a-movilizaciones-del-14-de-marzo\/\">Seguir leyendo &rarr;<\/a><\/p>\n","protected":false},"author":5,"featured_media":5243,"comment_status":"open","ping_status":"closed","sticky":false,"template":"","format":"standard","meta":{"csbAdvScrollBarCursor":"","footnotes":""},"categories":[20,2,42],"tags":[],"class_list":["post-5242","post","type-post","status-publish","format-standard","has-post-thumbnail","hentry","category-institucional-gremial","category-noticias","category-portada"],"_links":{"self":[{"href":"https:\/\/caf.org.uy\/caf\/wp-json\/wp\/v2\/posts\/5242","targetHints":{"allow":["GET"]}}],"collection":[{"href":"https:\/\/caf.org.uy\/caf\/wp-json\/wp\/v2\/posts"}],"about":[{"href":"https:\/\/caf.org.uy\/caf\/wp-json\/wp\/v2\/types\/post"}],"author":[{"embeddable":true,"href":"https:\/\/caf.org.uy\/caf\/wp-json\/wp\/v2\/users\/5"}],"replies":[{"embeddable":true,"href":"https:\/\/caf.org.uy\/caf\/wp-json\/wp\/v2\/comments?post=5242"}],"version-history":[{"count":1,"href":"https:\/\/caf.org.uy\/caf\/wp-json\/wp\/v2\/posts\/5242\/revisions"}],"predecessor-version":[{"id":5244,"href":"https:\/\/caf.org.uy\/caf\/wp-json\/wp\/v2\/posts\/5242\/revisions\/5244"}],"wp:featuredmedia":[{"embeddable":true,"href":"https:\/\/caf.org.uy\/caf\/wp-json\/wp\/v2\/media\/5243"}],"wp:attachment":[{"href":"https:\/\/caf.org.uy\/caf\/wp-json\/wp\/v2\/media?parent=5242"}],"wp:term":[{"taxonomy":"category","embeddable":true,"href":"https:\/\/caf.org.uy\/caf\/wp-json\/wp\/v2\/categories?post=5242"},{"taxonomy":"post_tag","embeddable":true,"href":"https:\/\/caf.org.uy\/caf\/wp-json\/wp\/v2\/tags?post=5242"}],"curies":[{"name":"wp","href":"https:\/\/api.w.org\/{rel}","templated":true}]}}