{"id":5222,"date":"2018-03-02T16:20:14","date_gmt":"2018-03-02T16:20:14","guid":{"rendered":"http:\/\/www.caf.org.uy\/site\/?p=5222"},"modified":"2018-03-02T16:20:14","modified_gmt":"2018-03-02T16:20:14","slug":"a-10-dias-de-la-primer-mesa-de-trabajo-con-el-gobierno","status":"publish","type":"post","link":"https:\/\/caf.org.uy\/caf\/a-10-dias-de-la-primer-mesa-de-trabajo-con-el-gobierno\/","title":{"rendered":"A 10 d\u00edas de la primer mesa de trabajo con el gobierno"},"content":{"rendered":"<p><strong>Hace 10 d\u00edas se instal\u00f3 la primera mesa de trabajo con la presencia del Presidente Tabar\u00e9 V\u00e1zquez, en la cual CAF particip\u00f3, junto a las otras gremiales con las cuales\u00a0 se viene trabajando, y se dejaron planteados los principales puntos que como gremial le interesa trabajar. A saber: construcci\u00f3n de un\u00a0 precio del gasoil, costos de energ\u00eda el\u00e9ctrica, tipo de cambio adecuado y endeudamiento-financiamiento. Se plante\u00f3 la necesidad de generar un trabajo t\u00e9cnico que analice una salida que beneficie al productor y los actores insertos en las cadenas de valor. Esto requiere de un dinamismo y un m\u00e9todo de trabajo entre el gobierno y las gremiales para obtener medidas de impacto para los productores en todos los rubros.<\/strong><strong>\u00a0A continuaci\u00f3n compartimos la entrevista de CAF Informa a Virginia San Mart\u00edn:<\/strong><br \/>\nEl Poder Ejecutivo qued\u00f3 comprometido en convocar a una segunda reuni\u00f3n a la brevedad. <em>\u201cInsistimos, son m\u00e1s de 10 d\u00edas sin obtener respuesta y la situaci\u00f3n se sigue agravando\u201d,<\/em> dijo Virginia San Mart\u00edn a CAF informa.<br \/>\n<em>\u201cConsideramos que dada nuestra historia institucional de m\u00e1s de 30 a\u00f1os ejerciendo gobernanza, en un modelo de desarrollo de sociedad donde las organizaciones de la sociedad civil participamos de la gobernabilidad democr\u00e1tica, nuestro aporte es desde dos \u00e1mbitos: el primero lo que hacemos hacia adentro de nuestro sistema cooperativo agropecuario para promover el desarrollo integral de las cooperativas agrarias y sus productores, donde no bajamos los brazos y el esfuerzo que hacen las cooperativas para ser cada d\u00eda m\u00e1s eficientes y competitivas en un contexto dif\u00edcil es mucho; y el segundo desde lo que trabajamos en el \u00e1mbito de la incidencia pol\u00edtica\u201d,<\/em> afirm\u00f3.<br \/>\nLa presidenta de CAF agreg\u00f3 que <em>\u201ces en este marco en el que queremos aportar, raz\u00f3n por la cual insistimos con tener respuestas r\u00e1pidas que agilicen esos espacios y los hagan eficientes y con resultados\u201d.<\/em><br \/>\n<img fetchpriority=\"high\" decoding=\"async\" class=\"alignleft wp-image-5223 size-medium\" src=\"http:\/\/www.caf.org.uy\/site\/wp-content\/uploads\/2018\/03\/VIRGINIA-SAN-MARTIN-foto-FR-420x201.jpg\" alt=\"\" width=\"420\" height=\"201\" srcset=\"https:\/\/caf.org.uy\/caf\/wp-content\/uploads\/2018\/03\/VIRGINIA-SAN-MARTIN-foto-FR-420x201.jpg 420w, https:\/\/caf.org.uy\/caf\/wp-content\/uploads\/2018\/03\/VIRGINIA-SAN-MARTIN-foto-FR-768x368.jpg 768w, https:\/\/caf.org.uy\/caf\/wp-content\/uploads\/2018\/03\/VIRGINIA-SAN-MARTIN-foto-FR-650x311.jpg 650w, https:\/\/caf.org.uy\/caf\/wp-content\/uploads\/2018\/03\/VIRGINIA-SAN-MARTIN-foto-FR-1000x479.jpg 1000w, https:\/\/caf.org.uy\/caf\/wp-content\/uploads\/2018\/03\/VIRGINIA-SAN-MARTIN-foto-FR.jpg 1078w\" sizes=\"(max-width: 420px) 100vw, 420px\" \/><br \/>\nMucho se ha hablado sobre la cadena nacional donde el Presidente V\u00e1zquez env\u00eda un mensaje a los ciudadanos de la capital, y no al pa\u00eds en su conjunto. Al respecto Virginia San Mart\u00edn reflexiona <em>\u201ccelebrar\u00edamos esa estrategia si el mensaje hubiera sido de uni\u00f3n, de empat\u00eda con los productores agropecuarios, m\u00e1s all\u00e1 de medidas paliativas &#8211; que aportan-;\u00a0 y adem\u00e1s si se hubieran explicitado\u00a0 medidas preventivas y de impacto en el verdadero origen de los\u00a0 problemas. Y tal vez, alg\u00fan soci\u00f3logo adem\u00e1s observe, que se contribuy\u00f3 a reforzar un imaginario cargado de prejuicios y estereotipos que arrastramos el sector agropecuario en nuestro v\u00ednculo con la sociedad en su conjunto. Debemos juntos revertir ese imaginario para construir una sociedad m\u00e1s integrada, donde adem\u00e1s se comparta la visi\u00f3n de que el agro es un lugar de oportunidades para muchos, no solo agr\u00f3nomos, veterinarios o productores de toda la vida, tambi\u00e9n hablamos de oportunidades en las m\u00e1s diversas disciplinas, para emprendedores, para trabajadores, con posibilidades para desarrollar lo que se conoce como econom\u00eda creativa\u201d.<\/em><br \/>\nVolviendo entonces a las mesas de trabajo, la presidenta de CAF reflexiona, <em>\u201cel espacio para trabajar con el sector es otro, con cultura organizacional; por este motivo desde CAF en particular, apostando al di\u00e1logo permanente y al respeto por las instituciones, realizamos contactos directos con autoridades del Poder Ejecutivo d\u00edas atr\u00e1s para reclamar la segunda mesa de trabajo. Ese es el \u00e1mbito en donde queremos trabajar para aportar al dise\u00f1o de una salida para la mejora de la competitividad de los productores, las cooperativas agrarios y las agroindustrias\u201d.<\/em><br \/>\nPara finalizar, considera que <em>\u201ca la fecha, y habiendo hecho gestiones al respecto, nos encontramos en una situaci\u00f3n l\u00edmite en cuanto a la posibilidad de seguir esperando mucho m\u00e1s para trabajar con el gobierno tal como se nos propuso\u201d.<\/em><br \/>\nMontevideo, 2 de marzo de 2018<br \/>\nCooperativas Agrarias Federadas<\/p>\n","protected":false},"excerpt":{"rendered":"<p>Hace 10 d\u00edas se instal\u00f3 la primera mesa de trabajo con la presencia del Presidente Tabar\u00e9 V\u00e1zquez, en la cual CAF particip\u00f3, junto a las otras gremiales con las cuales\u00a0 &hellip; <a class=\"readmore\" href=\"https:\/\/caf.org.uy\/caf\/a-10-dias-de-la-primer-mesa-de-trabajo-con-el-gobierno\/\">Seguir leyendo &rarr;<\/a><\/p>\n","protected":false},"author":1,"featured_media":5223,"comment_status":"open","ping_status":"closed","sticky":false,"template":"","format":"standard","meta":{"csbAdvScrollBarCursor":"","footnotes":""},"categories":[20,2,42],"tags":[],"class_list":["post-5222","post","type-post","status-publish","format-standard","has-post-thumbnail","hentry","category-institucional-gremial","category-noticias","category-portada"],"_links":{"self":[{"href":"https:\/\/caf.org.uy\/caf\/wp-json\/wp\/v2\/posts\/5222","targetHints":{"allow":["GET"]}}],"collection":[{"href":"https:\/\/caf.org.uy\/caf\/wp-json\/wp\/v2\/posts"}],"about":[{"href":"https:\/\/caf.org.uy\/caf\/wp-json\/wp\/v2\/types\/post"}],"author":[{"embeddable":true,"href":"https:\/\/caf.org.uy\/caf\/wp-json\/wp\/v2\/users\/1"}],"replies":[{"embeddable":true,"href":"https:\/\/caf.org.uy\/caf\/wp-json\/wp\/v2\/comments?post=5222"}],"version-history":[{"count":0,"href":"https:\/\/caf.org.uy\/caf\/wp-json\/wp\/v2\/posts\/5222\/revisions"}],"wp:featuredmedia":[{"embeddable":true,"href":"https:\/\/caf.org.uy\/caf\/wp-json\/wp\/v2\/media\/5223"}],"wp:attachment":[{"href":"https:\/\/caf.org.uy\/caf\/wp-json\/wp\/v2\/media?parent=5222"}],"wp:term":[{"taxonomy":"category","embeddable":true,"href":"https:\/\/caf.org.uy\/caf\/wp-json\/wp\/v2\/categories?post=5222"},{"taxonomy":"post_tag","embeddable":true,"href":"https:\/\/caf.org.uy\/caf\/wp-json\/wp\/v2\/tags?post=5222"}],"curies":[{"name":"wp","href":"https:\/\/api.w.org\/{rel}","templated":true}]}}