{"id":5212,"date":"2018-02-27T20:16:28","date_gmt":"2018-02-27T20:16:28","guid":{"rendered":"https:\/\/caf.org.uy\/caf\/?p=5212"},"modified":"2018-02-27T20:16:28","modified_gmt":"2018-02-27T20:16:28","slug":"gremiales-agropecuarias-reunidas-previo-a-cadena-nacional","status":"publish","type":"post","link":"https:\/\/caf.org.uy\/caf\/gremiales-agropecuarias-reunidas-previo-a-cadena-nacional\/","title":{"rendered":"Gremiales agropecuarias reunidas previo a cadena nacional"},"content":{"rendered":"<p>Las gremiales agropecuarias ARU, CNFR, ACA, ANPL, FR y CAF se reunieron el d\u00eda de hoy en sede de CAF. En la reuni\u00f3n se analiz\u00f3 el trascurso del relacionamiento con el Poder Ejecutivo a partir de las reuniones mantenidas en los \u00e1mbitos convocados, valorando s\u00ed las medidas anunciadas, pero insistimos que son paleativas.<\/p>\n<p>\u00abEstaremos atentos a las cadena nacional de hoy del Presidente Tabar\u00e9 V\u00e1zquez pero recordamos que las gremiales agropecuarias seguimos a la espera de ser convocados a la siguiente mesa de trabajo. Ese es el \u00e1mbito donde queremos avanzar\u00bb dijo Virginia San Mart\u00edn.<\/p>\n<p>Hay situaciones que se est\u00e1n agravando, la segu\u00eda que se est\u00e1 viviendo en el pa\u00eds, se debe atender y dar respuesta en forma inmediata.<\/p>\n<p>Buscamos un \u00e1mbito de trabajo \u00abhasta ahora ha sido interesante para un an\u00e1lisis, pero es una introducci\u00f3n, queremos que los pr\u00f3ximos encuentros sean con mayor profundidad avanzando en los temas que nos siguen preocupando\u00bb.<\/p>\n","protected":false},"excerpt":{"rendered":"<p>Las gremiales agropecuarias ARU, CNFR, ACA, ANPL, FR y CAF se reunieron el d\u00eda de hoy en sede de CAF. En la reuni\u00f3n se analiz\u00f3 el trascurso del relacionamiento con &hellip; <a class=\"readmore\" href=\"https:\/\/caf.org.uy\/caf\/gremiales-agropecuarias-reunidas-previo-a-cadena-nacional\/\">Seguir leyendo &rarr;<\/a><\/p>\n","protected":false},"author":5,"featured_media":5153,"comment_status":"open","ping_status":"closed","sticky":false,"template":"","format":"standard","meta":{"csbAdvScrollBarCursor":"","footnotes":""},"categories":[20,2,42],"tags":[],"class_list":["post-5212","post","type-post","status-publish","format-standard","has-post-thumbnail","hentry","category-institucional-gremial","category-noticias","category-portada"],"_links":{"self":[{"href":"https:\/\/caf.org.uy\/caf\/wp-json\/wp\/v2\/posts\/5212","targetHints":{"allow":["GET"]}}],"collection":[{"href":"https:\/\/caf.org.uy\/caf\/wp-json\/wp\/v2\/posts"}],"about":[{"href":"https:\/\/caf.org.uy\/caf\/wp-json\/wp\/v2\/types\/post"}],"author":[{"embeddable":true,"href":"https:\/\/caf.org.uy\/caf\/wp-json\/wp\/v2\/users\/5"}],"replies":[{"embeddable":true,"href":"https:\/\/caf.org.uy\/caf\/wp-json\/wp\/v2\/comments?post=5212"}],"version-history":[{"count":1,"href":"https:\/\/caf.org.uy\/caf\/wp-json\/wp\/v2\/posts\/5212\/revisions"}],"predecessor-version":[{"id":5213,"href":"https:\/\/caf.org.uy\/caf\/wp-json\/wp\/v2\/posts\/5212\/revisions\/5213"}],"wp:featuredmedia":[{"embeddable":true,"href":"https:\/\/caf.org.uy\/caf\/wp-json\/wp\/v2\/media\/5153"}],"wp:attachment":[{"href":"https:\/\/caf.org.uy\/caf\/wp-json\/wp\/v2\/media?parent=5212"}],"wp:term":[{"taxonomy":"category","embeddable":true,"href":"https:\/\/caf.org.uy\/caf\/wp-json\/wp\/v2\/categories?post=5212"},{"taxonomy":"post_tag","embeddable":true,"href":"https:\/\/caf.org.uy\/caf\/wp-json\/wp\/v2\/tags?post=5212"}],"curies":[{"name":"wp","href":"https:\/\/api.w.org\/{rel}","templated":true}]}}