{"id":5188,"date":"2018-02-20T15:31:33","date_gmt":"2018-02-20T15:31:33","guid":{"rendered":"https:\/\/caf.org.uy\/caf\/?p=5188"},"modified":"2018-02-21T20:33:04","modified_gmt":"2018-02-21T20:33:04","slug":"5188","status":"publish","type":"post","link":"https:\/\/caf.org.uy\/caf\/5188\/","title":{"rendered":"Son medidas sectorizadas. Se debe mirar la cadena de valor"},"content":{"rendered":"<p>Ayer tuvo lugar la primer reuni\u00f3n de la mesa de trabajo entre las gremiales ARU, CNFR, FR, ANPL, ACA y CAF, Un Solo Uruguay y el gobierno. Con la participaci\u00f3n del Presidente de la Rep\u00fablica Tabar\u00e9 V\u00e1zquez, quien anunci\u00f3 una serie de medidas para el sector, Virginia San Martin afirm\u00f3\u00a0\u00ablas medidas planteadas si bien suman y son bienvenidas, no est\u00e1n acorde a lo que se viene planteando. Son medidas paleativas y sectorizadas\u00bb.<\/p>\n<p>Las medidas anunciadas por el Gobierno fueron:<\/p>\n<p>&nbsp;<\/p>\n<div dir=\"ltr\">\u2022 Extensi\u00f3n en la devoluci\u00f3n de IVA que grava al gasoil que consumen los productores ganaderos que tributan por IMEBA, en las mismas condiciones anunciadas el 29 de enero para los productores lecheros, arroceros y hortifrut\u00edcolas.<\/div>\n<div dir=\"ltr\">\u2022 Env\u00edo de un proyecto de ley que genera\u00a0dos descuentos en la Contribuci\u00f3n Inmobiliaria Rural para 2018 y 2019 para todos los propietarios de padrones rurales que exploten padrones que en su conjunto no excedan de 1.000 hect\u00e1reas \u00edndice Coneat 100:<\/div>\n<div dir=\"ltr\">\u00a0 &#8211; 18 % de descuento para todos aquellos productores mencionados<br \/>\n&#8211; 10 % de reducci\u00f3n adicional a quienes sean adem\u00e1s contribuyentes de IMEBA\u2022 Congelaci\u00f3n o disminuci\u00f3n de todas las rentas del Instituto Nacional de Colonizaci\u00f3n para los vencimientos abril-mayo de 2018.\u201d<\/div>\n<p>\u00abSeguimos insistiendo que las medidas deben ser para las cadenas de valor, sino son medidas parciales, as\u00ed funciona la producci\u00f3n agropecuaria\u00bb dijo Virginia San Martin. Y hacia adelante, considera que \u00abcreemos que tiene que ser una mesa de trabajo eficiente y con resultados, seguimos apostando a esto\u00bb.<\/p>\n","protected":false},"excerpt":{"rendered":"<p>Ayer tuvo lugar la primer reuni\u00f3n de la mesa de trabajo entre las gremiales ARU, CNFR, FR, ANPL, ACA y CAF, Un Solo Uruguay y el gobierno. Con la participaci\u00f3n &hellip; <a class=\"readmore\" href=\"https:\/\/caf.org.uy\/caf\/5188\/\">Seguir leyendo &rarr;<\/a><\/p>\n","protected":false},"author":5,"featured_media":5190,"comment_status":"open","ping_status":"closed","sticky":false,"template":"","format":"standard","meta":{"csbAdvScrollBarCursor":"","footnotes":""},"categories":[20,2,42],"tags":[],"class_list":["post-5188","post","type-post","status-publish","format-standard","has-post-thumbnail","hentry","category-institucional-gremial","category-noticias","category-portada"],"_links":{"self":[{"href":"https:\/\/caf.org.uy\/caf\/wp-json\/wp\/v2\/posts\/5188","targetHints":{"allow":["GET"]}}],"collection":[{"href":"https:\/\/caf.org.uy\/caf\/wp-json\/wp\/v2\/posts"}],"about":[{"href":"https:\/\/caf.org.uy\/caf\/wp-json\/wp\/v2\/types\/post"}],"author":[{"embeddable":true,"href":"https:\/\/caf.org.uy\/caf\/wp-json\/wp\/v2\/users\/5"}],"replies":[{"embeddable":true,"href":"https:\/\/caf.org.uy\/caf\/wp-json\/wp\/v2\/comments?post=5188"}],"version-history":[{"count":3,"href":"https:\/\/caf.org.uy\/caf\/wp-json\/wp\/v2\/posts\/5188\/revisions"}],"predecessor-version":[{"id":5203,"href":"https:\/\/caf.org.uy\/caf\/wp-json\/wp\/v2\/posts\/5188\/revisions\/5203"}],"wp:featuredmedia":[{"embeddable":true,"href":"https:\/\/caf.org.uy\/caf\/wp-json\/wp\/v2\/media\/5190"}],"wp:attachment":[{"href":"https:\/\/caf.org.uy\/caf\/wp-json\/wp\/v2\/media?parent=5188"}],"wp:term":[{"taxonomy":"category","embeddable":true,"href":"https:\/\/caf.org.uy\/caf\/wp-json\/wp\/v2\/categories?post=5188"},{"taxonomy":"post_tag","embeddable":true,"href":"https:\/\/caf.org.uy\/caf\/wp-json\/wp\/v2\/tags?post=5188"}],"curies":[{"name":"wp","href":"https:\/\/api.w.org\/{rel}","templated":true}]}}