{"id":5181,"date":"2018-02-19T13:37:17","date_gmt":"2018-02-19T13:37:17","guid":{"rendered":"https:\/\/caf.org.uy\/caf\/?p=5181"},"modified":"2018-02-20T13:46:29","modified_gmt":"2018-02-20T13:46:29","slug":"esperamos-una-mesa-de-trabajo-agil-y-ejecutiva","status":"publish","type":"post","link":"https:\/\/caf.org.uy\/caf\/esperamos-una-mesa-de-trabajo-agil-y-ejecutiva\/","title":{"rendered":"Esperamos una mesa de trabajo \u00e1gil y ejecutiva"},"content":{"rendered":"<p>Las gremiales agropecuarias y el movimiento Un solo Uruguay se reunieron en la sede de CAF el viernes 9 de febrero para preparar el encuentro que mantendr\u00e1n el pr\u00f3ximo lunes 19 con las autoridades de gobierno. En dicho encuentro, se defini\u00f3 participar en esa mesa de trabajo convocada por el\u00a0Ministro de Ganader\u00eda, Agricultura y Pesca, Enzo Benech para escuchar y trabajar en el marco de la mesa de trabajo propuesta.<\/p>\n<p>\u201cVamos a una mesa de trabajo para un intercambio eficiente y pr\u00e1ctico\u201d dijo a la prensa hoy Virginia San Mart\u00edn, presidenta de CAF. Adem\u00e1s agreg\u00f3, \u00abqueremos una mesa de trabajo entre gobierno y productores que debe ser \u00e1gil, ejecutiva y con un car\u00e1cter t\u00e9cnico importante.<\/p>\n<p>La presidenta de CAF, en diferentes medios de prensa enfatiz\u00f3 que \u00abes importante concientizar en que deben haber acciones para todos los rubros \u00bb y que es\u00a0importante buscar una salida para el productor, para que no dejen el sector\u00bb.<\/p>\n<p>\u00abHemos insistido en la importancia de la inversi\u00f3n para poder hacer crecer el pa\u00eds, hoy est\u00e1 muy complicado el tema de los costos, tambi\u00e9n planteamos el tema de las tarifas, que ser\u00edan se\u00f1ales para toda la sociedad, y abordamos el tema de los prejuicios y la conciencia agropecuaria\u00bb<\/p>\n<p>Desde CAF se present\u00f3 en los \u00faltimos a\u00f1os an\u00e1lisis,diagn\u00f3sticos y propuestas. \u00abTenemos la expectativa hoy de encontrarnos con una mesa de trabajo potente que nos lleve a mejor puerto\u00bb, dijo San Mart\u00edn.<\/p>\n<p>De esta forma, CAF participar\u00e1 de la reuni\u00f3n con la esperanza de una mesa de trabajo ejecutiva con propuestas concretas para trabajar la competitividad del sector. Y haciendo \u00e9nfasis en la importancia gremial para CAF de este trabajo de incidencia y propuestas, aclar\u00f3 \u00abcon cooperativas fuertes el productor puede insertarse en la cadena de valor\u00bb.<\/p>\n","protected":false},"excerpt":{"rendered":"<p>Las gremiales agropecuarias y el movimiento Un solo Uruguay se reunieron en la sede de CAF el viernes 9 de febrero para preparar el encuentro que mantendr\u00e1n el pr\u00f3ximo lunes &hellip; <a class=\"readmore\" href=\"https:\/\/caf.org.uy\/caf\/esperamos-una-mesa-de-trabajo-agil-y-ejecutiva\/\">Seguir leyendo &rarr;<\/a><\/p>\n","protected":false},"author":5,"featured_media":5182,"comment_status":"open","ping_status":"closed","sticky":false,"template":"","format":"standard","meta":{"csbAdvScrollBarCursor":"","footnotes":""},"categories":[20,2,42],"tags":[],"class_list":["post-5181","post","type-post","status-publish","format-standard","has-post-thumbnail","hentry","category-institucional-gremial","category-noticias","category-portada"],"_links":{"self":[{"href":"https:\/\/caf.org.uy\/caf\/wp-json\/wp\/v2\/posts\/5181","targetHints":{"allow":["GET"]}}],"collection":[{"href":"https:\/\/caf.org.uy\/caf\/wp-json\/wp\/v2\/posts"}],"about":[{"href":"https:\/\/caf.org.uy\/caf\/wp-json\/wp\/v2\/types\/post"}],"author":[{"embeddable":true,"href":"https:\/\/caf.org.uy\/caf\/wp-json\/wp\/v2\/users\/5"}],"replies":[{"embeddable":true,"href":"https:\/\/caf.org.uy\/caf\/wp-json\/wp\/v2\/comments?post=5181"}],"version-history":[{"count":1,"href":"https:\/\/caf.org.uy\/caf\/wp-json\/wp\/v2\/posts\/5181\/revisions"}],"predecessor-version":[{"id":5183,"href":"https:\/\/caf.org.uy\/caf\/wp-json\/wp\/v2\/posts\/5181\/revisions\/5183"}],"wp:featuredmedia":[{"embeddable":true,"href":"https:\/\/caf.org.uy\/caf\/wp-json\/wp\/v2\/media\/5182"}],"wp:attachment":[{"href":"https:\/\/caf.org.uy\/caf\/wp-json\/wp\/v2\/media?parent=5181"}],"wp:term":[{"taxonomy":"category","embeddable":true,"href":"https:\/\/caf.org.uy\/caf\/wp-json\/wp\/v2\/categories?post=5181"},{"taxonomy":"post_tag","embeddable":true,"href":"https:\/\/caf.org.uy\/caf\/wp-json\/wp\/v2\/tags?post=5181"}],"curies":[{"name":"wp","href":"https:\/\/api.w.org\/{rel}","templated":true}]}}