{"id":5172,"date":"2018-02-08T19:27:22","date_gmt":"2018-02-08T19:27:22","guid":{"rendered":"http:\/\/www.caf.org.uy\/site\/?p=5172"},"modified":"2018-02-08T19:27:22","modified_gmt":"2018-02-08T19:27:22","slug":"comunicado-de-la-confederacion-de-las-camaras-empresariales","status":"publish","type":"post","link":"https:\/\/caf.org.uy\/caf\/comunicado-de-la-confederacion-de-las-camaras-empresariales\/","title":{"rendered":"Comunicado de la Confederaci\u00f3n de las C\u00e1maras Empresariales"},"content":{"rendered":"<p>El pasado 23 de enero, se desarroll\u00f3 una nutrida actividad en el Departamento de Durazno, convocada por diferentes actores relacionados en primera instancia con actividades vinculadas al agro, a la que a la postre se unieron organizaciones y personas relacionadas con los diferentes sectores productivos de nuestro pa\u00eds.<br \/>\nAlgunas de las organizaciones integrantes de la Confederaci\u00f3n de C\u00e1maras Empresariales, adhiri\u00f3, particip\u00f3 o acompa\u00f1\u00f3 este movimiento auto convocado.<br \/>\nLa preocupaci\u00f3n que llev\u00f3 a este movimiento a realizar esta manifestaci\u00f3n p\u00fablica, es coincidente con la que, a lo largo de los \u00faltimos a\u00f1os, las diferentes organizaciones empresariales, han manifestado, por diferentes medios y reclamado a las autoridades nacionales, en incontables oportunidades, unidas o en solitario.<br \/>\nEl sector empresarial organizado, ha realizado, seminarios, talleres, debates, presentado documentos que profundizan en la preocupante p\u00e9rdida de competitividad que sufren los distintos sectores productivos.<br \/>\nPor ejemplo, con fecha 29 de noviembre de 2017, nuestra Confederaci\u00f3n, hizo llegar al Sr. presidente de la Rep\u00fablica, un breve trabajo, con un planteo bien concreto:<br \/>\n\u201cque se defina una reducci\u00f3n de los precios de la energ\u00eda el\u00e9ctrica del orden del 10% en las tarifas empresariales y que se implemente una reducci\u00f3n de los precios del Gas oil y del Fuel oil del orden del 30% a efectos de alinearlos a la paridad de importaci\u00f3n, rebajas que esperamos rijan a partir de enero de 2018. De esta forma se contribuir\u00eda a generar las condiciones para que las empresas aumenten la actividad, las exportaciones, la inversi\u00f3n, y lo m\u00e1s importante, el empleo.\u201d<br \/>\nEn base a lo anteriormente expuesto, la Confederaci\u00f3n de C\u00e1maras Empresariales, expresa su benepl\u00e1cito de que el movimiento \u201cUn Uruguay Solo\u201d, manifieste las mismas preocupaciones y sea coincidente en los planteos realizados, entendiendo que debemos buscar la forma de hacer que este tipo de planteos tengan el mayor apoyo posible, y sean entendidos y atendidos por las autoridades nacionales como una alerta para algunos y como \u00faltimo recurso para otros.<br \/>\n<img fetchpriority=\"high\" decoding=\"async\" class=\"aligncenter wp-image-5173 size-large\" src=\"http:\/\/www.caf.org.uy\/site\/wp-content\/uploads\/2018\/02\/Comunicado-conf-imagen-366x480.jpg\" alt=\"\" width=\"366\" height=\"480\" srcset=\"https:\/\/caf.org.uy\/caf\/wp-content\/uploads\/2018\/02\/Comunicado-conf-imagen-366x480.jpg 366w, https:\/\/caf.org.uy\/caf\/wp-content\/uploads\/2018\/02\/Comunicado-conf-imagen-236x310.jpg 236w, https:\/\/caf.org.uy\/caf\/wp-content\/uploads\/2018\/02\/Comunicado-conf-imagen.jpg 736w\" sizes=\"(max-width: 366px) 100vw, 366px\" \/><br \/>\nDescargar comunicado: <a href=\"http:\/\/www.caf.org.uy\/site\/wp-content\/uploads\/2018\/02\/comunicado_autoconvocados_corto.pdf\">comunicado_autoconvocados_corto<\/a><\/p>\n","protected":false},"excerpt":{"rendered":"<p>El pasado 23 de enero, se desarroll\u00f3 una nutrida actividad en el Departamento de Durazno, convocada por diferentes actores relacionados en primera instancia con actividades vinculadas al agro, a la &hellip; <a class=\"readmore\" href=\"https:\/\/caf.org.uy\/caf\/comunicado-de-la-confederacion-de-las-camaras-empresariales\/\">Seguir leyendo &rarr;<\/a><\/p>\n","protected":false},"author":1,"featured_media":5173,"comment_status":"open","ping_status":"closed","sticky":false,"template":"","format":"standard","meta":{"csbAdvScrollBarCursor":"","footnotes":""},"categories":[20,2,42],"tags":[],"class_list":["post-5172","post","type-post","status-publish","format-standard","has-post-thumbnail","hentry","category-institucional-gremial","category-noticias","category-portada"],"_links":{"self":[{"href":"https:\/\/caf.org.uy\/caf\/wp-json\/wp\/v2\/posts\/5172","targetHints":{"allow":["GET"]}}],"collection":[{"href":"https:\/\/caf.org.uy\/caf\/wp-json\/wp\/v2\/posts"}],"about":[{"href":"https:\/\/caf.org.uy\/caf\/wp-json\/wp\/v2\/types\/post"}],"author":[{"embeddable":true,"href":"https:\/\/caf.org.uy\/caf\/wp-json\/wp\/v2\/users\/1"}],"replies":[{"embeddable":true,"href":"https:\/\/caf.org.uy\/caf\/wp-json\/wp\/v2\/comments?post=5172"}],"version-history":[{"count":0,"href":"https:\/\/caf.org.uy\/caf\/wp-json\/wp\/v2\/posts\/5172\/revisions"}],"wp:featuredmedia":[{"embeddable":true,"href":"https:\/\/caf.org.uy\/caf\/wp-json\/wp\/v2\/media\/5173"}],"wp:attachment":[{"href":"https:\/\/caf.org.uy\/caf\/wp-json\/wp\/v2\/media?parent=5172"}],"wp:term":[{"taxonomy":"category","embeddable":true,"href":"https:\/\/caf.org.uy\/caf\/wp-json\/wp\/v2\/categories?post=5172"},{"taxonomy":"post_tag","embeddable":true,"href":"https:\/\/caf.org.uy\/caf\/wp-json\/wp\/v2\/tags?post=5172"}],"curies":[{"name":"wp","href":"https:\/\/api.w.org\/{rel}","templated":true}]}}