{"id":5160,"date":"2018-01-30T17:14:21","date_gmt":"2018-01-30T17:14:21","guid":{"rendered":"http:\/\/www.caf.org.uy\/site\/?p=5160"},"modified":"2018-01-30T17:14:21","modified_gmt":"2018-01-30T17:14:21","slug":"5160","status":"publish","type":"post","link":"https:\/\/caf.org.uy\/caf\/5160\/","title":{"rendered":"CAF adhiere a las vigilias de productores"},"content":{"rendered":"<p><img fetchpriority=\"high\" decoding=\"async\" class=\"aligncenter size-large wp-image-5164\" src=\"http:\/\/www.caf.org.uy\/site\/wp-content\/uploads\/2018\/01\/cabezal-com-prensa-650x162.jpg\" alt=\"\" width=\"650\" height=\"162\" srcset=\"https:\/\/caf.org.uy\/caf\/wp-content\/uploads\/2018\/01\/cabezal-com-prensa-650x162.jpg 650w, https:\/\/caf.org.uy\/caf\/wp-content\/uploads\/2018\/01\/cabezal-com-prensa-420x105.jpg 420w, https:\/\/caf.org.uy\/caf\/wp-content\/uploads\/2018\/01\/cabezal-com-prensa-768x191.jpg 768w, https:\/\/caf.org.uy\/caf\/wp-content\/uploads\/2018\/01\/cabezal-com-prensa.jpg 851w\" sizes=\"(max-width: 650px) 100vw, 650px\" \/><br \/>\nComo es de p\u00fablico conocimiento, el viernes 26 de enero de 2018 mantuvimos una reuni\u00f3n en la sede de CAF con las gremiales agropecuarias \u2013 ARU, ACA, FR, CAF, CNFR y ANPL \u2013 y posteriormente recibimos a delegados del movimiento Un Solo Uruguay. El encuentro fue positivo en tanto se est\u00e1 de acuerdo con los principales planteos del movimiento.<br \/>\nPor otra parte, el lunes 29 de enero, participamos en la reuni\u00f3n de las gremiales con el presidente de la Rep\u00fablica Tabar\u00e9 V\u00e1zquez en la residencia de Su\u00e1rez. \u201cHay una distancia importante entre lo planteado y las acciones que se tomaron. Las medidas no se encuentran a la altura de la situaci\u00f3n\u201d, dijo Virginia San Mart\u00edn a la salida.<br \/>\nEn relaci\u00f3n a las medidas anunciadas por V\u00e1zquez, CAF considera que en tanto se tomen estas medidas como las \u00fanicas, claramente son insuficientes. Pero si se las visualiza en el marco de un proceso que se dar\u00eda con el funcionamiento de las mesas de trabajo anunciadas por el gobierno, queremos creer que los sectores no mencionados tambi\u00e9n ser\u00e1n atendidos as\u00ed como tambi\u00e9n esperamos se refuercen las medidas a los sectores atendidos.<br \/>\nDe esta manera, CAF contin\u00faa con su acci\u00f3n gremial buscando medidas de impacto para el conjunto del sector basadas en las propuestas iniciales consensuadas por las gremiales y presentadas \u00a0al presidente V\u00e1zquez en la reuni\u00f3n del 29 de enero. Las propuestas de las gremiales son cuatro: (i) tipo de cambio adecuado, (ii) baja del costo del combustible para todos los sectores, (iii) baja del costo de energ\u00eda el\u00e9ctrica para todos los sectores y (iv) derribar los prejuicios campo ciudad.<br \/>\nAdem\u00e1s, CAF contin\u00faa su acci\u00f3n gremial en funci\u00f3n de las necesidades inherentes a las cooperativas agrarias.<br \/>\nPor otro lado, comunicamos que CAF adhiere a la vigilia convocada por el movimiento Un Solo Uruguay para los d\u00edas 31 de enero y 1 de febrero, en v\u00edsperas a la Asamblea prevista en Durazno para el s\u00e1bado 3 de febrero donde se analizar\u00e1n las medidas del gobierno y plantearan las nuevas acciones que ser\u00e1n necesarias para reactivar al sector productivo nacional.<br \/>\nFinalmente, informar que el pr\u00f3ximo 6 de febrero realizaremos el primer Consejo Directivo del CAF del a\u00f1o.<br \/>\nDescargar comunicado aqu\u00ed\u00a0<a href=\"http:\/\/www.caf.org.uy\/site\/wp-content\/uploads\/2018\/01\/Comunicado-de-Prensa-Adhesion-de-CAF-a-vigilias.pdf\">Comunicado de Prensa Adhesion de CAF a vigilias<\/a><\/p>\n","protected":false},"excerpt":{"rendered":"<p>Como es de p\u00fablico conocimiento, el viernes 26 de enero de 2018 mantuvimos una reuni\u00f3n en la sede de CAF con las gremiales agropecuarias \u2013 ARU, ACA, FR, CAF, CNFR &hellip; <a class=\"readmore\" href=\"https:\/\/caf.org.uy\/caf\/5160\/\">Seguir leyendo &rarr;<\/a><\/p>\n","protected":false},"author":1,"featured_media":5161,"comment_status":"open","ping_status":"closed","sticky":false,"template":"","format":"standard","meta":{"csbAdvScrollBarCursor":"","footnotes":""},"categories":[20,2,42],"tags":[],"class_list":["post-5160","post","type-post","status-publish","format-standard","has-post-thumbnail","hentry","category-institucional-gremial","category-noticias","category-portada"],"_links":{"self":[{"href":"https:\/\/caf.org.uy\/caf\/wp-json\/wp\/v2\/posts\/5160","targetHints":{"allow":["GET"]}}],"collection":[{"href":"https:\/\/caf.org.uy\/caf\/wp-json\/wp\/v2\/posts"}],"about":[{"href":"https:\/\/caf.org.uy\/caf\/wp-json\/wp\/v2\/types\/post"}],"author":[{"embeddable":true,"href":"https:\/\/caf.org.uy\/caf\/wp-json\/wp\/v2\/users\/1"}],"replies":[{"embeddable":true,"href":"https:\/\/caf.org.uy\/caf\/wp-json\/wp\/v2\/comments?post=5160"}],"version-history":[{"count":0,"href":"https:\/\/caf.org.uy\/caf\/wp-json\/wp\/v2\/posts\/5160\/revisions"}],"wp:featuredmedia":[{"embeddable":true,"href":"https:\/\/caf.org.uy\/caf\/wp-json\/wp\/v2\/media\/5161"}],"wp:attachment":[{"href":"https:\/\/caf.org.uy\/caf\/wp-json\/wp\/v2\/media?parent=5160"}],"wp:term":[{"taxonomy":"category","embeddable":true,"href":"https:\/\/caf.org.uy\/caf\/wp-json\/wp\/v2\/categories?post=5160"},{"taxonomy":"post_tag","embeddable":true,"href":"https:\/\/caf.org.uy\/caf\/wp-json\/wp\/v2\/tags?post=5160"}],"curies":[{"name":"wp","href":"https:\/\/api.w.org\/{rel}","templated":true}]}}