{"id":5150,"date":"2018-01-29T19:50:47","date_gmt":"2018-01-29T19:50:47","guid":{"rendered":"https:\/\/caf.org.uy\/caf\/?p=5150"},"modified":"2018-01-29T20:31:17","modified_gmt":"2018-01-29T20:31:17","slug":"medidas-no-se-encuentran-a-la-altura-de-la-situacion","status":"publish","type":"post","link":"https:\/\/caf.org.uy\/caf\/medidas-no-se-encuentran-a-la-altura-de-la-situacion\/","title":{"rendered":"Medidas no se encuentran a la altura de la situaci\u00f3n"},"content":{"rendered":"<p>\u00abHay una distancia importante entre lo planteado y las acciones que se tomaron. Las medidas no se encuentran a la altura de la situaci\u00f3n\u00bb , dijo Virginia San Mart\u00edin presidenta de CAF a la salida de la reuni\u00f3n con el presidente de la Rep\u00fablica Tabar\u00e9 V\u00e1zquez. Las 6 gremiales del agro (ARU, ACA, CNFR, FR, CAF y ANPL) se reunieron hoy con V\u00e1zquez luego de la movilizaci\u00f3n del agro de los \u00faltimos d\u00edas.<\/p>\n<p>Esperaban las propuestas y hubo desilusi\u00f3n. No obstante la presidente de CAF, Virginia San Mart\u00edn, dijo\u00a0\u00absi tomamos las medidas anunciadas por V\u00e1zquez como las \u00fanicas, claramente son insuficientes.Pero si las vemos en el marco de un proceso que se dar\u00eda con el funcionamiento de las mesas de trabajo, queremos creer que los sectores no mencionados como ganader\u00eda y agricultura, tambi\u00e9n ser\u00e1n atendidos\u00bb<\/p>\n<p>Por otra parte, resalt\u00f3 que \u00absi bien nuestras cooperativas agrarias tambi\u00e9n presentan problemas de competitividad y se ven afectadas como el resto del sector (y por tanto requieren ser atendidas en busca de soluciones) siguen siendo una herramienta para el desarrollo y la mejora de calidad de vida de los productores rurales\u00bb.<\/p>\n<p>Acceda aqu\u00ed a las medidas pronunciadas hoy por el Presidente de la Rep\u00fablica\u00a0<a href=\"https:\/\/caf.org.uy\/caf\/wp-content\/uploads\/2018\/01\/Medidas-del-gobierno-para-el-conflicto-del-agro.pdf\">Medidas-del-gobierno-para-el-conflicto-del-agro<\/a><\/p>\n","protected":false},"excerpt":{"rendered":"<p>\u00abHay una distancia importante entre lo planteado y las acciones que se tomaron. Las medidas no se encuentran a la altura de la situaci\u00f3n\u00bb , dijo Virginia San Mart\u00edin presidenta &hellip; <a class=\"readmore\" href=\"https:\/\/caf.org.uy\/caf\/medidas-no-se-encuentran-a-la-altura-de-la-situacion\/\">Seguir leyendo &rarr;<\/a><\/p>\n","protected":false},"author":5,"featured_media":5153,"comment_status":"open","ping_status":"closed","sticky":false,"template":"","format":"standard","meta":{"csbAdvScrollBarCursor":"","footnotes":""},"categories":[20,2,42],"tags":[],"class_list":["post-5150","post","type-post","status-publish","format-standard","has-post-thumbnail","hentry","category-institucional-gremial","category-noticias","category-portada"],"_links":{"self":[{"href":"https:\/\/caf.org.uy\/caf\/wp-json\/wp\/v2\/posts\/5150","targetHints":{"allow":["GET"]}}],"collection":[{"href":"https:\/\/caf.org.uy\/caf\/wp-json\/wp\/v2\/posts"}],"about":[{"href":"https:\/\/caf.org.uy\/caf\/wp-json\/wp\/v2\/types\/post"}],"author":[{"embeddable":true,"href":"https:\/\/caf.org.uy\/caf\/wp-json\/wp\/v2\/users\/5"}],"replies":[{"embeddable":true,"href":"https:\/\/caf.org.uy\/caf\/wp-json\/wp\/v2\/comments?post=5150"}],"version-history":[{"count":2,"href":"https:\/\/caf.org.uy\/caf\/wp-json\/wp\/v2\/posts\/5150\/revisions"}],"predecessor-version":[{"id":5155,"href":"https:\/\/caf.org.uy\/caf\/wp-json\/wp\/v2\/posts\/5150\/revisions\/5155"}],"wp:featuredmedia":[{"embeddable":true,"href":"https:\/\/caf.org.uy\/caf\/wp-json\/wp\/v2\/media\/5153"}],"wp:attachment":[{"href":"https:\/\/caf.org.uy\/caf\/wp-json\/wp\/v2\/media?parent=5150"}],"wp:term":[{"taxonomy":"category","embeddable":true,"href":"https:\/\/caf.org.uy\/caf\/wp-json\/wp\/v2\/categories?post=5150"},{"taxonomy":"post_tag","embeddable":true,"href":"https:\/\/caf.org.uy\/caf\/wp-json\/wp\/v2\/tags?post=5150"}],"curies":[{"name":"wp","href":"https:\/\/api.w.org\/{rel}","templated":true}]}}