{"id":5144,"date":"2018-01-26T16:53:33","date_gmt":"2018-01-26T16:53:33","guid":{"rendered":"https:\/\/caf.org.uy\/caf\/?p=5144"},"modified":"2018-01-26T16:53:33","modified_gmt":"2018-01-26T16:53:33","slug":"gremiales-del-agro-y-autoconvocados-en-caf","status":"publish","type":"post","link":"https:\/\/caf.org.uy\/caf\/gremiales-del-agro-y-autoconvocados-en-caf\/","title":{"rendered":"Gremiales del agro y \u00abautoconvocados\u00bb en CAF"},"content":{"rendered":"<p>En la ma\u00f1ana del viernes 26 de enero, las gremiales del agro (ARU, CAF, CNFR, ANPL, ACA y FR) se reunieron en la sede de CAF para continuar el di\u00e1logo referido a la situaci\u00f3n en el agro y previo a la convocatoria de reuni\u00f3n con el Presidente de la Rep\u00fablica Tabar\u00e9 V\u00e1zquez del lunes 29. Sobre las 10 de la ma\u00f1ana recibieron a representantes del grupo de productores Un Solo Uruguay, conocidos como \u00abautoconvocados\u00bb. A estas horas se encuentran en pleno di\u00e1logo, el agro est\u00e1 organizado.<\/p>\n<p>Ampliaremos.<\/p>\n","protected":false},"excerpt":{"rendered":"<p>En la ma\u00f1ana del viernes 26 de enero, las gremiales del agro (ARU, CAF, CNFR, ANPL, ACA y FR) se reunieron en la sede de CAF para continuar el di\u00e1logo &hellip; <a class=\"readmore\" href=\"https:\/\/caf.org.uy\/caf\/gremiales-del-agro-y-autoconvocados-en-caf\/\">Seguir leyendo &rarr;<\/a><\/p>\n","protected":false},"author":5,"featured_media":5145,"comment_status":"open","ping_status":"closed","sticky":false,"template":"","format":"standard","meta":{"csbAdvScrollBarCursor":"","footnotes":""},"categories":[20,2,42],"tags":[],"class_list":["post-5144","post","type-post","status-publish","format-standard","has-post-thumbnail","hentry","category-institucional-gremial","category-noticias","category-portada"],"_links":{"self":[{"href":"https:\/\/caf.org.uy\/caf\/wp-json\/wp\/v2\/posts\/5144","targetHints":{"allow":["GET"]}}],"collection":[{"href":"https:\/\/caf.org.uy\/caf\/wp-json\/wp\/v2\/posts"}],"about":[{"href":"https:\/\/caf.org.uy\/caf\/wp-json\/wp\/v2\/types\/post"}],"author":[{"embeddable":true,"href":"https:\/\/caf.org.uy\/caf\/wp-json\/wp\/v2\/users\/5"}],"replies":[{"embeddable":true,"href":"https:\/\/caf.org.uy\/caf\/wp-json\/wp\/v2\/comments?post=5144"}],"version-history":[{"count":1,"href":"https:\/\/caf.org.uy\/caf\/wp-json\/wp\/v2\/posts\/5144\/revisions"}],"predecessor-version":[{"id":5146,"href":"https:\/\/caf.org.uy\/caf\/wp-json\/wp\/v2\/posts\/5144\/revisions\/5146"}],"wp:featuredmedia":[{"embeddable":true,"href":"https:\/\/caf.org.uy\/caf\/wp-json\/wp\/v2\/media\/5145"}],"wp:attachment":[{"href":"https:\/\/caf.org.uy\/caf\/wp-json\/wp\/v2\/media?parent=5144"}],"wp:term":[{"taxonomy":"category","embeddable":true,"href":"https:\/\/caf.org.uy\/caf\/wp-json\/wp\/v2\/categories?post=5144"},{"taxonomy":"post_tag","embeddable":true,"href":"https:\/\/caf.org.uy\/caf\/wp-json\/wp\/v2\/tags?post=5144"}],"curies":[{"name":"wp","href":"https:\/\/api.w.org\/{rel}","templated":true}]}}