{"id":5139,"date":"2018-01-24T13:44:18","date_gmt":"2018-01-24T13:44:18","guid":{"rendered":"https:\/\/caf.org.uy\/caf\/?p=5139"},"modified":"2018-01-26T16:34:05","modified_gmt":"2018-01-26T16:34:05","slug":"el-dia-despues-de-un-momento-historico-para-el-agro","status":"publish","type":"post","link":"https:\/\/caf.org.uy\/caf\/el-dia-despues-de-un-momento-historico-para-el-agro\/","title":{"rendered":"El d\u00eda despu\u00e9s de un momento hist\u00f3rico para el agro"},"content":{"rendered":"<p>Felicitamos a la organizaci\u00f3n del Encuentro en Durazno y a todos los productores y sus familias que concurrieron y se hicieron escuchar en forma pac\u00edfica, ordenada y respetuosa. Virginia San Martin, presidenta de CAF, particip\u00f3 del evento desde tempranas horas de la ma\u00f1ana, pudiendo saludar a los organizadores y dialogar con los productores presentes.<\/p>\n<p>\u00abFue una jornada emocionante y con contenido. Los productores lograron instalarse en la agenda p\u00fablica y salir del anonimato, ayer no hab\u00eda quien en Uruguay no hablara de este Encuentro\u00bb, dijo Virginia.<\/p>\n<p>Los problemas en el agro son complejos y se busc\u00f3 presentarlos y clarificarlos para derribar muros y prejuicios, \u00aba\u00fan falta camino\u00bb. Virginia asegur\u00f3 que \u00abes nuestro deber, el de los productores, seguir tendiendo puentes para que #UnSoloUruguay sea una realidad, un pa\u00eds integrado que logra las mejores condiciones para todos\u00bb.<\/p>\n<p>La presidenta de CAF dijo \u00abnos quedan desaf\u00edos para seguir dialogando y generando entendimiento. Y sobre todo resultados. El apoyo de ayer fue impresionante, hay que aprovechar el impulso y seguir trabajando.\u00bb<\/p>\n<p>Las cooperativas agrarias socias de CAF que re\u00fanen a m\u00e1s de 13.000 productores se ampararon en la decisi\u00f3n de adhesi\u00f3n de CAF a la movilizaci\u00f3n en Durazno. Algunas de ellas manifestaron su apoyo expl\u00edcito CLU, URF, EL FOGON, CRADECO, CALAI, CALIMA, CALSAL, CADOL, CARIPLAL, SOFOVAL, Soc. Fom. Colonia Suiza,entre otras.<\/p>\n","protected":false},"excerpt":{"rendered":"<p>Felicitamos a la organizaci\u00f3n del Encuentro en Durazno y a todos los productores y sus familias que concurrieron y se hicieron escuchar en forma pac\u00edfica, ordenada y respetuosa. Virginia San &hellip; <a class=\"readmore\" href=\"https:\/\/caf.org.uy\/caf\/el-dia-despues-de-un-momento-historico-para-el-agro\/\">Seguir leyendo &rarr;<\/a><\/p>\n","protected":false},"author":5,"featured_media":5140,"comment_status":"open","ping_status":"closed","sticky":false,"template":"","format":"standard","meta":{"csbAdvScrollBarCursor":"","footnotes":""},"categories":[20,2,42],"tags":[],"class_list":["post-5139","post","type-post","status-publish","format-standard","has-post-thumbnail","hentry","category-institucional-gremial","category-noticias","category-portada"],"_links":{"self":[{"href":"https:\/\/caf.org.uy\/caf\/wp-json\/wp\/v2\/posts\/5139","targetHints":{"allow":["GET"]}}],"collection":[{"href":"https:\/\/caf.org.uy\/caf\/wp-json\/wp\/v2\/posts"}],"about":[{"href":"https:\/\/caf.org.uy\/caf\/wp-json\/wp\/v2\/types\/post"}],"author":[{"embeddable":true,"href":"https:\/\/caf.org.uy\/caf\/wp-json\/wp\/v2\/users\/5"}],"replies":[{"embeddable":true,"href":"https:\/\/caf.org.uy\/caf\/wp-json\/wp\/v2\/comments?post=5139"}],"version-history":[{"count":3,"href":"https:\/\/caf.org.uy\/caf\/wp-json\/wp\/v2\/posts\/5139\/revisions"}],"predecessor-version":[{"id":5143,"href":"https:\/\/caf.org.uy\/caf\/wp-json\/wp\/v2\/posts\/5139\/revisions\/5143"}],"wp:featuredmedia":[{"embeddable":true,"href":"https:\/\/caf.org.uy\/caf\/wp-json\/wp\/v2\/media\/5140"}],"wp:attachment":[{"href":"https:\/\/caf.org.uy\/caf\/wp-json\/wp\/v2\/media?parent=5139"}],"wp:term":[{"taxonomy":"category","embeddable":true,"href":"https:\/\/caf.org.uy\/caf\/wp-json\/wp\/v2\/categories?post=5139"},{"taxonomy":"post_tag","embeddable":true,"href":"https:\/\/caf.org.uy\/caf\/wp-json\/wp\/v2\/tags?post=5139"}],"curies":[{"name":"wp","href":"https:\/\/api.w.org\/{rel}","templated":true}]}}