{"id":5132,"date":"2017-12-21T17:58:01","date_gmt":"2017-12-21T17:58:01","guid":{"rendered":"https:\/\/caf.org.uy\/caf\/?p=5132"},"modified":"2017-12-21T17:58:01","modified_gmt":"2017-12-21T17:58:01","slug":"comunicado-del-sector-productivo-a-la-opinion-publica","status":"publish","type":"post","link":"https:\/\/caf.org.uy\/caf\/comunicado-del-sector-productivo-a-la-opinion-publica\/","title":{"rendered":"Comunicado del sector productivo a la opini\u00f3n p\u00fablica"},"content":{"rendered":"<p>A lo largo del a\u00f1o 2017, en reiteradas instancias de encuentro entre el sector<br \/>\nproductivo, Presidencia de la Rep\u00fablica, el MGAP y el MIEM, se logr\u00f3 un franco<br \/>\nentendimiento sobre la falta de competitividad que atraviesa nuestro sector y el<br \/>\nimpacto que las tarifas p\u00fablicas est\u00e1n teniendo sobre las empresas, familias y<br \/>\ntrabajadores vinculados. El propio presidente de la Rep\u00fablica, Dr. Tabar\u00e9 V\u00e1zquez,<br \/>\nse ha manifestado en lo que refiere a bajar los costos de energ\u00eda: \u201cestamos<br \/>\nestudiando en profundizar el tema relativo al precio del gasoil y es nuestra intenci\u00f3n<br \/>\npoder avanzar en el mismo en el correr del presente a\u00f1o\u201d. Tanto el MGAP como el<br \/>\nMIEM conocen de cerca la realidad y se han hecho eco de esta afirmaci\u00f3n,<br \/>\nacompa\u00f1ando la preocupaci\u00f3n.<br \/>\nEs en este marco que los productores nos llevamos la poco grata sorpresa de que el<br \/>\nGobierno defini\u00f3 nuevos incrementos, para el gasoil de un 4,8 % y para la electricidad<br \/>\nde 3,2 %, que empezar\u00e1n a regir a partir del 1 de enero de 2018.<br \/>\nNuestro d\u00e9ficit es tanto o m\u00e1s grave que el que acusa el propio Estado, pese a lo cual<br \/>\nse ha ignorado nuevamente la situaci\u00f3n del sector productivo, que ha demostrado a<br \/>\ntrav\u00e9s de innumerables esfuerzos su compromiso para ajustar costos y optimizar la<br \/>\nproductividad, resultando un ejemplo a seguir por otros actores. Consideramos que<br \/>\nel Gobierno debe controlar el d\u00e9ficit fiscal y a la vez atender la realidad de aquellos<br \/>\nque en definitiva resultan ser grandes aportantes a las arcas p\u00fablicas, postergando<br \/>\nel proyectado aumento de tarifas.<br \/>\nEl sector agropecuario, con una adecuada direcci\u00f3n de las pol\u00edticas p\u00fablicas, tiene<br \/>\ncondiciones para promover el desarrollo y el empleo a nivel de todo el pa\u00eds.<br \/>\nApelamos a compartir los sacrificios que sean necesarios, dejando sin efecto los<br \/>\najustes previstos, en pos de una recuperaci\u00f3n real y gradual de la competitividad,<br \/>\nque de no ocurrir provocar\u00e1 el colapso de numerosos sectores que conforman el tan<br \/>\nmentado Uruguay productivo.<\/p>\n<p>Asociaci\u00f3n Cultivadores de Arroz | Asociaci\u00f3n Rural del Uruguay | Asociaci\u00f3n Nacional de<br \/>\nProductores de Leche | Comisi\u00f3n Nacional de Fomento Rural | Cooperativas Agrarias<br \/>\nFederadas | Federaci\u00f3n Rural<\/p>\n<p>21 de diciembre de 2017<\/p>\n","protected":false},"excerpt":{"rendered":"<p>A lo largo del a\u00f1o 2017, en reiteradas instancias de encuentro entre el sector productivo, Presidencia de la Rep\u00fablica, el MGAP y el MIEM, se logr\u00f3 un franco entendimiento sobre &hellip; <a class=\"readmore\" href=\"https:\/\/caf.org.uy\/caf\/comunicado-del-sector-productivo-a-la-opinion-publica\/\">Seguir leyendo &rarr;<\/a><\/p>\n","protected":false},"author":5,"featured_media":5133,"comment_status":"open","ping_status":"closed","sticky":false,"template":"","format":"standard","meta":{"csbAdvScrollBarCursor":"","footnotes":""},"categories":[20,2,42],"tags":[],"class_list":["post-5132","post","type-post","status-publish","format-standard","has-post-thumbnail","hentry","category-institucional-gremial","category-noticias","category-portada"],"_links":{"self":[{"href":"https:\/\/caf.org.uy\/caf\/wp-json\/wp\/v2\/posts\/5132","targetHints":{"allow":["GET"]}}],"collection":[{"href":"https:\/\/caf.org.uy\/caf\/wp-json\/wp\/v2\/posts"}],"about":[{"href":"https:\/\/caf.org.uy\/caf\/wp-json\/wp\/v2\/types\/post"}],"author":[{"embeddable":true,"href":"https:\/\/caf.org.uy\/caf\/wp-json\/wp\/v2\/users\/5"}],"replies":[{"embeddable":true,"href":"https:\/\/caf.org.uy\/caf\/wp-json\/wp\/v2\/comments?post=5132"}],"version-history":[{"count":1,"href":"https:\/\/caf.org.uy\/caf\/wp-json\/wp\/v2\/posts\/5132\/revisions"}],"predecessor-version":[{"id":5134,"href":"https:\/\/caf.org.uy\/caf\/wp-json\/wp\/v2\/posts\/5132\/revisions\/5134"}],"wp:featuredmedia":[{"embeddable":true,"href":"https:\/\/caf.org.uy\/caf\/wp-json\/wp\/v2\/media\/5133"}],"wp:attachment":[{"href":"https:\/\/caf.org.uy\/caf\/wp-json\/wp\/v2\/media?parent=5132"}],"wp:term":[{"taxonomy":"category","embeddable":true,"href":"https:\/\/caf.org.uy\/caf\/wp-json\/wp\/v2\/categories?post=5132"},{"taxonomy":"post_tag","embeddable":true,"href":"https:\/\/caf.org.uy\/caf\/wp-json\/wp\/v2\/tags?post=5132"}],"curies":[{"name":"wp","href":"https:\/\/api.w.org\/{rel}","templated":true}]}}