{"id":5115,"date":"2017-12-20T17:54:43","date_gmt":"2017-12-20T17:54:43","guid":{"rendered":"https:\/\/caf.org.uy\/caf\/?p=5115"},"modified":"2017-12-20T17:54:43","modified_gmt":"2017-12-20T17:54:43","slug":"mas-innovacion-clu-by-central-lanera","status":"publish","type":"post","link":"https:\/\/caf.org.uy\/caf\/mas-innovacion-clu-by-central-lanera\/","title":{"rendered":"M\u00c1S innovaci\u00f3n. CLU by Central Lanera"},"content":{"rendered":"<p><strong>Esta vez te contamos otro de los emprendimientos m\u00e1s innovadores del cooperativismo agrario uruguayo:\u00a0<\/strong><strong>CLU by Central Lanera Uruguaya<\/strong><strong>. Conoc\u00e9 las historias de c\u00f3mo lo viven sus productores que\u00a0<\/strong><strong>hoy est\u00e1n conectando con el consumidor a trav\u00e9s de las prendas de lana fina.\u00a0<\/strong><strong>Apostamos a contenidos de calidad. Te invitamos a leerlo y compartirlo ampliamente!<\/strong><\/p>\n<p>&nbsp;<\/p>\n<p><a href=\"https:\/\/caf.org.uy\/caf\/?p=4906\" target=\"_blank\" rel=\"noopener\"><img fetchpriority=\"high\" decoding=\"async\" class=\"aligncenter size-large wp-image-5094\" src=\"https:\/\/caf.org.uy\/caf\/wp-content\/uploads\/2017\/08\/tapa-MAS-diciembre-2017-405x480.jpg\" alt=\"\" width=\"405\" height=\"480\" srcset=\"https:\/\/caf.org.uy\/caf\/wp-content\/uploads\/2017\/08\/tapa-MAS-diciembre-2017-405x480.jpg 405w, https:\/\/caf.org.uy\/caf\/wp-content\/uploads\/2017\/08\/tapa-MAS-diciembre-2017-262x310.jpg 262w, https:\/\/caf.org.uy\/caf\/wp-content\/uploads\/2017\/08\/tapa-MAS-diciembre-2017-768x910.jpg 768w, https:\/\/caf.org.uy\/caf\/wp-content\/uploads\/2017\/08\/tapa-MAS-diciembre-2017-1000x1185.jpg 1000w\" sizes=\"(max-width: 405px) 100vw, 405px\" \/><\/a><\/p>\n<p>&nbsp;<\/p>\n<p>&nbsp;<\/p>\n<p>&nbsp;<\/p>\n<p>&nbsp;<\/p>\n<p>&nbsp;<\/p>\n<p>&nbsp;<\/p>\n<p>&nbsp;<\/p>\n<p>&nbsp;<\/p>\n<p>&nbsp;<\/p>\n","protected":false},"excerpt":{"rendered":"<p>Esta vez te contamos otro de los emprendimientos m\u00e1s innovadores del cooperativismo agrario uruguayo:\u00a0CLU by Central Lanera Uruguaya. Conoc\u00e9 las historias de c\u00f3mo lo viven sus productores que\u00a0hoy est\u00e1n conectando &hellip; <a class=\"readmore\" href=\"https:\/\/caf.org.uy\/caf\/mas-innovacion-clu-by-central-lanera\/\">Seguir leyendo &rarr;<\/a><\/p>\n","protected":false},"author":5,"featured_media":5094,"comment_status":"open","ping_status":"closed","sticky":false,"template":"","format":"standard","meta":{"csbAdvScrollBarCursor":"","footnotes":""},"categories":[20,2,42],"tags":[],"class_list":["post-5115","post","type-post","status-publish","format-standard","has-post-thumbnail","hentry","category-institucional-gremial","category-noticias","category-portada"],"_links":{"self":[{"href":"https:\/\/caf.org.uy\/caf\/wp-json\/wp\/v2\/posts\/5115","targetHints":{"allow":["GET"]}}],"collection":[{"href":"https:\/\/caf.org.uy\/caf\/wp-json\/wp\/v2\/posts"}],"about":[{"href":"https:\/\/caf.org.uy\/caf\/wp-json\/wp\/v2\/types\/post"}],"author":[{"embeddable":true,"href":"https:\/\/caf.org.uy\/caf\/wp-json\/wp\/v2\/users\/5"}],"replies":[{"embeddable":true,"href":"https:\/\/caf.org.uy\/caf\/wp-json\/wp\/v2\/comments?post=5115"}],"version-history":[{"count":1,"href":"https:\/\/caf.org.uy\/caf\/wp-json\/wp\/v2\/posts\/5115\/revisions"}],"predecessor-version":[{"id":5116,"href":"https:\/\/caf.org.uy\/caf\/wp-json\/wp\/v2\/posts\/5115\/revisions\/5116"}],"wp:featuredmedia":[{"embeddable":true,"href":"https:\/\/caf.org.uy\/caf\/wp-json\/wp\/v2\/media\/5094"}],"wp:attachment":[{"href":"https:\/\/caf.org.uy\/caf\/wp-json\/wp\/v2\/media?parent=5115"}],"wp:term":[{"taxonomy":"category","embeddable":true,"href":"https:\/\/caf.org.uy\/caf\/wp-json\/wp\/v2\/categories?post=5115"},{"taxonomy":"post_tag","embeddable":true,"href":"https:\/\/caf.org.uy\/caf\/wp-json\/wp\/v2\/tags?post=5115"}],"curies":[{"name":"wp","href":"https:\/\/api.w.org\/{rel}","templated":true}]}}