{"id":5110,"date":"2017-12-20T17:46:58","date_gmt":"2017-12-20T17:46:58","guid":{"rendered":"https:\/\/caf.org.uy\/caf\/?p=5110"},"modified":"2017-12-20T17:46:58","modified_gmt":"2017-12-20T17:46:58","slug":"ultimo-consejo-directivo-del-ano-junto-a-federacion-rural","status":"publish","type":"post","link":"https:\/\/caf.org.uy\/caf\/ultimo-consejo-directivo-del-ano-junto-a-federacion-rural\/","title":{"rendered":"Ultimo Consejo Directivo del a\u00f1o junto a Federaci\u00f3n Rural"},"content":{"rendered":"<p>Directivos de CAF y de Federaci\u00f3n Rural estuvimos dialogando sobre situaci\u00f3n del agro, el agravamiento con la falta de lluvias, la competitividad y los costos de producci\u00f3n, perdida de peque\u00f1os y medianos productores, as\u00ed como de Seguridad rural. El espacio se di\u00e1logo e intercambio se dio en el \u00faltimo Consejo Directivo del a\u00f1o, en donde invitamos a la Federaci\u00f3n Rural para reforzar los lazos que se est\u00e1n estrechando entre ambas gremiales.<\/p>\n<p>El Manual de Buenas Pr\u00e1cticas para controlar el Abigeato se present\u00f3 en la Directivo por parte de los delegados de CAF, Pablo Waksman y de Federaci\u00f3n Rural, Fernanda Maldonado, los desaf\u00edos para atender este tema que preocupa a los productores y los perjudica seriamente. Lo pueden ver y compartir entre productores aqu\u00ed https:\/\/caf.org.uy\/caf\/?p=5099<\/p>\n<p>Por otra parte, tambi\u00e9n se habl\u00f3 de la App Emergencia 9-1-1 del Ministerio del Interior que es una aplicaci\u00f3n que los productores deben bajar a sus celulares para denunciar inmediatamente abigeato o faltantes de animales, la aplicaci\u00f3n georeferenciar\u00e1 al instante el lugar de la denuncia. Compartir entre productores para difundir esta herramienta!<\/p>\n","protected":false},"excerpt":{"rendered":"<p>Directivos de CAF y de Federaci\u00f3n Rural estuvimos dialogando sobre situaci\u00f3n del agro, el agravamiento con la falta de lluvias, la competitividad y los costos de producci\u00f3n, perdida de peque\u00f1os &hellip; <a class=\"readmore\" href=\"https:\/\/caf.org.uy\/caf\/ultimo-consejo-directivo-del-ano-junto-a-federacion-rural\/\">Seguir leyendo &rarr;<\/a><\/p>\n","protected":false},"author":5,"featured_media":5111,"comment_status":"open","ping_status":"closed","sticky":false,"template":"","format":"standard","meta":{"csbAdvScrollBarCursor":"","footnotes":""},"categories":[20,2,42],"tags":[],"class_list":["post-5110","post","type-post","status-publish","format-standard","has-post-thumbnail","hentry","category-institucional-gremial","category-noticias","category-portada"],"_links":{"self":[{"href":"https:\/\/caf.org.uy\/caf\/wp-json\/wp\/v2\/posts\/5110","targetHints":{"allow":["GET"]}}],"collection":[{"href":"https:\/\/caf.org.uy\/caf\/wp-json\/wp\/v2\/posts"}],"about":[{"href":"https:\/\/caf.org.uy\/caf\/wp-json\/wp\/v2\/types\/post"}],"author":[{"embeddable":true,"href":"https:\/\/caf.org.uy\/caf\/wp-json\/wp\/v2\/users\/5"}],"replies":[{"embeddable":true,"href":"https:\/\/caf.org.uy\/caf\/wp-json\/wp\/v2\/comments?post=5110"}],"version-history":[{"count":1,"href":"https:\/\/caf.org.uy\/caf\/wp-json\/wp\/v2\/posts\/5110\/revisions"}],"predecessor-version":[{"id":5112,"href":"https:\/\/caf.org.uy\/caf\/wp-json\/wp\/v2\/posts\/5110\/revisions\/5112"}],"wp:featuredmedia":[{"embeddable":true,"href":"https:\/\/caf.org.uy\/caf\/wp-json\/wp\/v2\/media\/5111"}],"wp:attachment":[{"href":"https:\/\/caf.org.uy\/caf\/wp-json\/wp\/v2\/media?parent=5110"}],"wp:term":[{"taxonomy":"category","embeddable":true,"href":"https:\/\/caf.org.uy\/caf\/wp-json\/wp\/v2\/categories?post=5110"},{"taxonomy":"post_tag","embeddable":true,"href":"https:\/\/caf.org.uy\/caf\/wp-json\/wp\/v2\/tags?post=5110"}],"curies":[{"name":"wp","href":"https:\/\/api.w.org\/{rel}","templated":true}]}}