{"id":5107,"date":"2017-12-20T17:40:17","date_gmt":"2017-12-20T17:40:17","guid":{"rendered":"https:\/\/caf.org.uy\/caf\/?p=5107"},"modified":"2017-12-20T17:40:17","modified_gmt":"2017-12-20T17:40:17","slug":"ministra-de-industria-recibio-a-caf-para-hablar-de-agro","status":"publish","type":"post","link":"https:\/\/caf.org.uy\/caf\/ministra-de-industria-recibio-a-caf-para-hablar-de-agro\/","title":{"rendered":"Ministra de Industria recibi\u00f3 a CAF para hablar de agro"},"content":{"rendered":"<p>El Comit\u00e9 Ejecutivo de CAF el lunes 18 de diciembre se reuni\u00f3 con la Ministra de Industria, Energ\u00eda y Miner\u00eda, Carolina Cosse, para dialogar sobre los problemas del agro y particularmente c\u00f3mo el factor energ\u00eda es fundamental para la competitividad de las cooperativas agrarias y agroindustriales.<\/p>\n<p>En la reuni\u00f3n se analizaron y discutieron ideas para contribuir a mejorar la competitividad de las cooperativas a partir de un relevamiento sobre el consumo y gasto energ\u00e9tico que realiz\u00f3 CAF con sus cooperativas agrarias asociadas.<\/p>\n<p>La reuni\u00f3n con la Ministra es parte del conjunto de acciones de la gremial tendientes a mejorar la competitividad de las cooperativas agrarias y los productores agropecuarios que son m\u00e1s que nunca necesarios en el contexto actual de crisis del sector.<\/p>\n<p>&nbsp;<\/p>\n<p>&nbsp;<\/p>\n","protected":false},"excerpt":{"rendered":"<p>El Comit\u00e9 Ejecutivo de CAF el lunes 18 de diciembre se reuni\u00f3 con la Ministra de Industria, Energ\u00eda y Miner\u00eda, Carolina Cosse, para dialogar sobre los problemas del agro y &hellip; <a class=\"readmore\" href=\"https:\/\/caf.org.uy\/caf\/ministra-de-industria-recibio-a-caf-para-hablar-de-agro\/\">Seguir leyendo &rarr;<\/a><\/p>\n","protected":false},"author":5,"featured_media":5108,"comment_status":"open","ping_status":"closed","sticky":false,"template":"","format":"standard","meta":{"csbAdvScrollBarCursor":"","footnotes":""},"categories":[20,2,42],"tags":[],"class_list":["post-5107","post","type-post","status-publish","format-standard","has-post-thumbnail","hentry","category-institucional-gremial","category-noticias","category-portada"],"_links":{"self":[{"href":"https:\/\/caf.org.uy\/caf\/wp-json\/wp\/v2\/posts\/5107","targetHints":{"allow":["GET"]}}],"collection":[{"href":"https:\/\/caf.org.uy\/caf\/wp-json\/wp\/v2\/posts"}],"about":[{"href":"https:\/\/caf.org.uy\/caf\/wp-json\/wp\/v2\/types\/post"}],"author":[{"embeddable":true,"href":"https:\/\/caf.org.uy\/caf\/wp-json\/wp\/v2\/users\/5"}],"replies":[{"embeddable":true,"href":"https:\/\/caf.org.uy\/caf\/wp-json\/wp\/v2\/comments?post=5107"}],"version-history":[{"count":1,"href":"https:\/\/caf.org.uy\/caf\/wp-json\/wp\/v2\/posts\/5107\/revisions"}],"predecessor-version":[{"id":5109,"href":"https:\/\/caf.org.uy\/caf\/wp-json\/wp\/v2\/posts\/5107\/revisions\/5109"}],"wp:featuredmedia":[{"embeddable":true,"href":"https:\/\/caf.org.uy\/caf\/wp-json\/wp\/v2\/media\/5108"}],"wp:attachment":[{"href":"https:\/\/caf.org.uy\/caf\/wp-json\/wp\/v2\/media?parent=5107"}],"wp:term":[{"taxonomy":"category","embeddable":true,"href":"https:\/\/caf.org.uy\/caf\/wp-json\/wp\/v2\/categories?post=5107"},{"taxonomy":"post_tag","embeddable":true,"href":"https:\/\/caf.org.uy\/caf\/wp-json\/wp\/v2\/tags?post=5107"}],"curies":[{"name":"wp","href":"https:\/\/api.w.org\/{rel}","templated":true}]}}