{"id":5089,"date":"2017-12-07T21:42:57","date_gmt":"2017-12-07T21:42:57","guid":{"rendered":"https:\/\/caf.org.uy\/caf\/?p=5089"},"modified":"2017-12-07T21:42:57","modified_gmt":"2017-12-07T21:42:57","slug":"presentaciones-de-oradores-y-galeria-de-fotos","status":"publish","type":"post","link":"https:\/\/caf.org.uy\/caf\/presentaciones-de-oradores-y-galeria-de-fotos\/","title":{"rendered":"Presentaciones de oradores y galer\u00eda de fotos"},"content":{"rendered":"<h5>Haciendo un balance del evento evento de cierre de a\u00f1o de CAF, que tuvo lugar el pasado 5 de diciembre, creemos que fue muy positivo con un gran nivel de oradores y panelistas, con la presencia de m\u00e1s de 130 participantes, y cumplimos los objetivos previstos de tender puentes entre organizaciones de productores y emprendedores del ecosistema tecnol\u00f3gico, lo cual daremos continuidad en el a\u00f1o 2018.<\/h5>\n<h5>Te contamos que durante el evento el <em>hashtag #AgroCoopTech <\/em>obtuvo m\u00e1s de 14.000 impresiones y estuvimos entre los 3 principales tendencias de conversaci\u00f3n en el d\u00eda en\u00a0 Uruguay.<\/p>\n<p>Ya tenemos todas las presentaciones on line, podes acceder a los pdf de cada orador <a href=\"https:\/\/caf.org.uy\/caf\/?p=5066\">aqu\u00ed<\/a> . Pr\u00f3ximamente colgaremos todos los videos en nuestro canal de Youtube.<\/h5>\n<h5>Por otra parte,\u00a0<a href=\"https:\/\/www.facebook.com\/pg\/cafuruguay\/photos\/?tab=album&amp;album_id=2247222821970641\">en este link<\/a> podr\u00e1s encontrar\u00a0un \u00e1lbum de Facebook con fotograf\u00edas del evento,\u00a0\u00a1si\u00e9ntete libre de etiquetarte y compartirlo!<\/h5>\n<h5>Agradecemos tambi\u00e9n a quienes hicieron posible este evento: INEFOP, INIA y Nxtp.Labs!<\/h5>\n","protected":false},"excerpt":{"rendered":"<p>Haciendo un balance del evento evento de cierre de a\u00f1o de CAF, que tuvo lugar el pasado 5 de diciembre, creemos que fue muy positivo con un gran nivel de &hellip; <a class=\"readmore\" href=\"https:\/\/caf.org.uy\/caf\/presentaciones-de-oradores-y-galeria-de-fotos\/\">Seguir leyendo &rarr;<\/a><\/p>\n","protected":false},"author":5,"featured_media":5055,"comment_status":"open","ping_status":"closed","sticky":false,"template":"","format":"standard","meta":{"csbAdvScrollBarCursor":"","footnotes":""},"categories":[20,2,42],"tags":[],"class_list":["post-5089","post","type-post","status-publish","format-standard","has-post-thumbnail","hentry","category-institucional-gremial","category-noticias","category-portada"],"_links":{"self":[{"href":"https:\/\/caf.org.uy\/caf\/wp-json\/wp\/v2\/posts\/5089","targetHints":{"allow":["GET"]}}],"collection":[{"href":"https:\/\/caf.org.uy\/caf\/wp-json\/wp\/v2\/posts"}],"about":[{"href":"https:\/\/caf.org.uy\/caf\/wp-json\/wp\/v2\/types\/post"}],"author":[{"embeddable":true,"href":"https:\/\/caf.org.uy\/caf\/wp-json\/wp\/v2\/users\/5"}],"replies":[{"embeddable":true,"href":"https:\/\/caf.org.uy\/caf\/wp-json\/wp\/v2\/comments?post=5089"}],"version-history":[{"count":1,"href":"https:\/\/caf.org.uy\/caf\/wp-json\/wp\/v2\/posts\/5089\/revisions"}],"predecessor-version":[{"id":5090,"href":"https:\/\/caf.org.uy\/caf\/wp-json\/wp\/v2\/posts\/5089\/revisions\/5090"}],"wp:featuredmedia":[{"embeddable":true,"href":"https:\/\/caf.org.uy\/caf\/wp-json\/wp\/v2\/media\/5055"}],"wp:attachment":[{"href":"https:\/\/caf.org.uy\/caf\/wp-json\/wp\/v2\/media?parent=5089"}],"wp:term":[{"taxonomy":"category","embeddable":true,"href":"https:\/\/caf.org.uy\/caf\/wp-json\/wp\/v2\/categories?post=5089"},{"taxonomy":"post_tag","embeddable":true,"href":"https:\/\/caf.org.uy\/caf\/wp-json\/wp\/v2\/tags?post=5089"}],"curies":[{"name":"wp","href":"https:\/\/api.w.org\/{rel}","templated":true}]}}