{"id":5085,"date":"2017-11-29T21:35:19","date_gmt":"2017-11-29T21:35:19","guid":{"rendered":"http:\/\/www.caf.org.uy\/site\/?p=5085"},"modified":"2017-11-29T21:35:19","modified_gmt":"2017-11-29T21:35:19","slug":"carta-al-presidente-vazquez-de-la-confederacion-de-camaras","status":"publish","type":"post","link":"https:\/\/caf.org.uy\/caf\/carta-al-presidente-vazquez-de-la-confederacion-de-camaras\/","title":{"rendered":"Carta al Presidente V\u00e1zquez de la Confederaci\u00f3n de C\u00e1maras"},"content":{"rendered":"<p>Compartimos aqu\u00ed la carta de la Confederaci\u00f3n de C\u00e1maras Empresariales, de la cual CAF es miembro, elevada al Presidente de la Rep\u00fablica Tabar\u00e9 V\u00e1zquez en relaci\u00f3n a la compleja situaci\u00f3n del sector agropecuario y las propuestas de rebajas de precio en algunas tarifas p\u00fablicas.<br \/>\n<a href=\"http:\/\/www.caf.org.uy\/site\/wp-content\/uploads\/2017\/12\/Sr.-Presidente-de-la-Repu\u0301blica.-Confederacio\u0301n-de-Ca\u0301maras-Empresariales.pdf\" target=\"_blank\" rel=\"noopener\">Acceda a la carta aqu\u00ed\u00a0<\/a><\/p>\n","protected":false},"excerpt":{"rendered":"<p>Compartimos aqu\u00ed la carta de la Confederaci\u00f3n de C\u00e1maras Empresariales, de la cual CAF es miembro, elevada al Presidente de la Rep\u00fablica Tabar\u00e9 V\u00e1zquez en relaci\u00f3n a la compleja situaci\u00f3n &hellip; <a class=\"readmore\" href=\"https:\/\/caf.org.uy\/caf\/carta-al-presidente-vazquez-de-la-confederacion-de-camaras\/\">Seguir leyendo &rarr;<\/a><\/p>\n","protected":false},"author":1,"featured_media":4731,"comment_status":"open","ping_status":"closed","sticky":false,"template":"","format":"standard","meta":{"csbAdvScrollBarCursor":"","footnotes":""},"categories":[20,2,42],"tags":[],"class_list":["post-5085","post","type-post","status-publish","format-standard","has-post-thumbnail","hentry","category-institucional-gremial","category-noticias","category-portada"],"_links":{"self":[{"href":"https:\/\/caf.org.uy\/caf\/wp-json\/wp\/v2\/posts\/5085","targetHints":{"allow":["GET"]}}],"collection":[{"href":"https:\/\/caf.org.uy\/caf\/wp-json\/wp\/v2\/posts"}],"about":[{"href":"https:\/\/caf.org.uy\/caf\/wp-json\/wp\/v2\/types\/post"}],"author":[{"embeddable":true,"href":"https:\/\/caf.org.uy\/caf\/wp-json\/wp\/v2\/users\/1"}],"replies":[{"embeddable":true,"href":"https:\/\/caf.org.uy\/caf\/wp-json\/wp\/v2\/comments?post=5085"}],"version-history":[{"count":0,"href":"https:\/\/caf.org.uy\/caf\/wp-json\/wp\/v2\/posts\/5085\/revisions"}],"wp:featuredmedia":[{"embeddable":true,"href":"https:\/\/caf.org.uy\/caf\/wp-json\/wp\/v2\/media\/4731"}],"wp:attachment":[{"href":"https:\/\/caf.org.uy\/caf\/wp-json\/wp\/v2\/media?parent=5085"}],"wp:term":[{"taxonomy":"category","embeddable":true,"href":"https:\/\/caf.org.uy\/caf\/wp-json\/wp\/v2\/categories?post=5085"},{"taxonomy":"post_tag","embeddable":true,"href":"https:\/\/caf.org.uy\/caf\/wp-json\/wp\/v2\/tags?post=5085"}],"curies":[{"name":"wp","href":"https:\/\/api.w.org\/{rel}","templated":true}]}}