{"id":5029,"date":"2017-11-29T19:14:25","date_gmt":"2017-11-29T19:14:25","guid":{"rendered":"http:\/\/www.caf.org.uy\/site\/?p=5029"},"modified":"2017-11-29T19:14:25","modified_gmt":"2017-11-29T19:14:25","slug":"caf-y-gremiales-se-reuniran-con-presidente-vazquez","status":"publish","type":"post","link":"https:\/\/caf.org.uy\/caf\/caf-y-gremiales-se-reuniran-con-presidente-vazquez\/","title":{"rendered":"CAF y gremiales se reunir\u00e1n con Presidente V\u00e1zquez"},"content":{"rendered":"<p class=\"copete\">Las principales gremiales agropecuarias solicitaron al presidente de la Rep\u00fablica Tabar\u00e9 V\u00e1zquez una reuni\u00f3n antes de finalizar el a\u00f1o, para dialogar sobre la p\u00e9rdida de competitividad del sector y sus consecuencias en la producci\u00f3n, adem\u00e1s de conversar sobre las relaciones laborales y el acceso a los mercados.<\/p>\n<div class=\"texto\">\n<p dir=\"ltr\">Si bien todav\u00eda no se ha concretado una fecha, el presidente se comunic\u00f3 con las gremiales para confirmar su intenci\u00f3n de realizar el encuentro.<\/p>\n<p dir=\"ltr\">En comunicaci\u00f3n con Din\u00e1mica Rural, Virginia San Mart\u00edn, presidente de Coop. Agrarias Federadas dijo que muchas veces no han encontrado las respuestas que han buscado y por eso todas las gremiales han solicitado una entrevista el presidente de la Rep\u00fablica.<\/p>\n<p dir=\"ltr\">\u201cEs una instancia muy importante ya que como gremiales es el rol que tenemos, somos los interlocutores\u201d agreg\u00f3.<\/p>\n<p dir=\"ltr\">Respecto a la fecha que manejan para esta reuni\u00f3n, dijo que esperan que sea antes de fin de a\u00f1o aunque no lo manejan con exactitud.<\/p>\n<p dir=\"ltr\">Coment\u00f3 que lo que pretenden transmitir es la situaci\u00f3n compleja que se est\u00e1 viviendo y el punto inicial que plantean es que lo que se pierde es muy dif\u00edcil de recuperar ya sean productores o cooperativas. Necesitamos mejores condiciones para una mejor producci\u00f3n, \u201cnecesitamos levantar algunas limitantes\u201d.<\/p>\n<p dir=\"ltr\">Escuchar la entrevista completa de El Espectador a Virginia San Mart\u00edn, presidenta de CAF<a href=\"http:\/\/www.espectador.com\/agro\/359995\/vazquez-confirmo-que-recibira-a-gremiales-agropecuarias#.Wh4d5BLBTtw.facebook\" target=\"_blank\" rel=\"noopener\"> aqu\u00ed<\/a><\/p>\n<\/div>\n","protected":false},"excerpt":{"rendered":"<p>Las principales gremiales agropecuarias solicitaron al presidente de la Rep\u00fablica Tabar\u00e9 V\u00e1zquez una reuni\u00f3n antes de finalizar el a\u00f1o, para dialogar sobre la p\u00e9rdida de competitividad del sector y sus &hellip; <a class=\"readmore\" href=\"https:\/\/caf.org.uy\/caf\/caf-y-gremiales-se-reuniran-con-presidente-vazquez\/\">Seguir leyendo &rarr;<\/a><\/p>\n","protected":false},"author":1,"featured_media":4470,"comment_status":"open","ping_status":"closed","sticky":false,"template":"","format":"standard","meta":{"csbAdvScrollBarCursor":"","footnotes":""},"categories":[20,2,42],"tags":[],"class_list":["post-5029","post","type-post","status-publish","format-standard","has-post-thumbnail","hentry","category-institucional-gremial","category-noticias","category-portada"],"_links":{"self":[{"href":"https:\/\/caf.org.uy\/caf\/wp-json\/wp\/v2\/posts\/5029","targetHints":{"allow":["GET"]}}],"collection":[{"href":"https:\/\/caf.org.uy\/caf\/wp-json\/wp\/v2\/posts"}],"about":[{"href":"https:\/\/caf.org.uy\/caf\/wp-json\/wp\/v2\/types\/post"}],"author":[{"embeddable":true,"href":"https:\/\/caf.org.uy\/caf\/wp-json\/wp\/v2\/users\/1"}],"replies":[{"embeddable":true,"href":"https:\/\/caf.org.uy\/caf\/wp-json\/wp\/v2\/comments?post=5029"}],"version-history":[{"count":0,"href":"https:\/\/caf.org.uy\/caf\/wp-json\/wp\/v2\/posts\/5029\/revisions"}],"wp:featuredmedia":[{"embeddable":true,"href":"https:\/\/caf.org.uy\/caf\/wp-json\/wp\/v2\/media\/4470"}],"wp:attachment":[{"href":"https:\/\/caf.org.uy\/caf\/wp-json\/wp\/v2\/media?parent=5029"}],"wp:term":[{"taxonomy":"category","embeddable":true,"href":"https:\/\/caf.org.uy\/caf\/wp-json\/wp\/v2\/categories?post=5029"},{"taxonomy":"post_tag","embeddable":true,"href":"https:\/\/caf.org.uy\/caf\/wp-json\/wp\/v2\/tags?post=5029"}],"curies":[{"name":"wp","href":"https:\/\/api.w.org\/{rel}","templated":true}]}}