{"id":4973,"date":"2017-10-13T19:29:23","date_gmt":"2017-10-13T19:29:23","guid":{"rendered":"http:\/\/www.caf.org.uy\/site\/?p=4973"},"modified":"2017-10-13T19:29:23","modified_gmt":"2017-10-13T19:29:23","slug":"carta-a-la-ocb-tendiendo-puentes-por-conflicto-lacteo","status":"publish","type":"post","link":"https:\/\/caf.org.uy\/caf\/carta-a-la-ocb-tendiendo-puentes-por-conflicto-lacteo\/","title":{"rendered":"Carta a la OCB tendiendo puentes por conflicto l\u00e1cteo"},"content":{"rendered":"<p>Hicimos este jueves un llamado a nuestros colegas de la Organizaci\u00f3n de Cooperativas Brasile\u00f1as (OCB) en el que apelamos a los valores cooperativos e intereses en com\u00fan para superar el conflicto en el comercio de l\u00e1cteos suscitado esta semana tras la decisi\u00f3n de Brasil de suspender las licencias\u00a0\u00a0de importaci\u00f3n de productos l\u00e1cteos desde Uruguay.<br \/>\nCompartimos la carta enviada desde CAF a OCB Brasil:<br \/>\n&nbsp;<br \/>\nSr. Marcio Lopez de Freitas<br \/>\nPresidente de la OCB Brasil<br \/>\n&nbsp;<br \/>\nEstimado Sr. Presidente:<br \/>\n&nbsp;<br \/>\nLos productores del sector lechero uruguayo est\u00e1n integrados en su mayor\u00eda en organizaciones colectivas, fundamentalmente cooperativas, lo que ha fomentado el trabajo asociativo que ha significado una fortaleza para impulsar hist\u00f3ricamente el dinamismo del sector.<br \/>\nEste dinamismo en nuestro pa\u00eds se ha visto afectado en los \u00faltimos tres a\u00f1os por el costo de producci\u00f3n nacional y la depresi\u00f3n del mercado internacional. Y en este momento, el sector se encuentra altamente preocupado por el reciente anuncio del Gobierno Brasile\u00f1o de suspender las licencias\u00a0\u00a0de importaci\u00f3n de productos l\u00e1cteos desde Uruguay.<br \/>\nEn nuestros tambos, como en los de vuestra Organizaci\u00f3n de Cooperativas Brasile\u00f1as, predomina el trabajo familiar y cooperativo. Nuestro negocio como el suyo, es trabajar para transformar la vida de los productores lecheros ofreciendo oportunidades de acceder a las cadenas de valor y los mercados internacionales en condiciones justas y competitivas.<br \/>\nApelando a los valores cooperativos e intereses en com\u00fan con los que tanto CAF y OCB han trabajado en forma conjunta en diversas actividades a instancias de organizaciones internacionales que nos agrupan (REDACOOP), apelamos a visualizar y trabajar juntos en los caminos que realmente posicionan a nuestros productores lecheros en los principales mercados internacionales.<br \/>\nJuntos y con la herramienta cooperativa de nuestro lado, podemos imaginar un futuro de oportunidades para nuestros productores lecheros, de uno y otro lado de la frontera, evitando acciones que nos perjudiquen mutuamente.<br \/>\nVirginia San Martin (Presidenta)\u00a0 \u00a0 \u00a0 \u00a0Aparicio Hirschy (Secretario)<\/p>\n","protected":false},"excerpt":{"rendered":"<p>Hicimos este jueves un llamado a nuestros colegas de la Organizaci\u00f3n de Cooperativas Brasile\u00f1as (OCB) en el que apelamos a los valores cooperativos e intereses en com\u00fan para superar el &hellip; <a class=\"readmore\" href=\"https:\/\/caf.org.uy\/caf\/carta-a-la-ocb-tendiendo-puentes-por-conflicto-lacteo\/\">Seguir leyendo &rarr;<\/a><\/p>\n","protected":false},"author":1,"featured_media":4974,"comment_status":"open","ping_status":"closed","sticky":false,"template":"","format":"standard","meta":{"csbAdvScrollBarCursor":"","footnotes":""},"categories":[20,2,42],"tags":[],"class_list":["post-4973","post","type-post","status-publish","format-standard","has-post-thumbnail","hentry","category-institucional-gremial","category-noticias","category-portada"],"_links":{"self":[{"href":"https:\/\/caf.org.uy\/caf\/wp-json\/wp\/v2\/posts\/4973","targetHints":{"allow":["GET"]}}],"collection":[{"href":"https:\/\/caf.org.uy\/caf\/wp-json\/wp\/v2\/posts"}],"about":[{"href":"https:\/\/caf.org.uy\/caf\/wp-json\/wp\/v2\/types\/post"}],"author":[{"embeddable":true,"href":"https:\/\/caf.org.uy\/caf\/wp-json\/wp\/v2\/users\/1"}],"replies":[{"embeddable":true,"href":"https:\/\/caf.org.uy\/caf\/wp-json\/wp\/v2\/comments?post=4973"}],"version-history":[{"count":0,"href":"https:\/\/caf.org.uy\/caf\/wp-json\/wp\/v2\/posts\/4973\/revisions"}],"wp:featuredmedia":[{"embeddable":true,"href":"https:\/\/caf.org.uy\/caf\/wp-json\/wp\/v2\/media\/4974"}],"wp:attachment":[{"href":"https:\/\/caf.org.uy\/caf\/wp-json\/wp\/v2\/media?parent=4973"}],"wp:term":[{"taxonomy":"category","embeddable":true,"href":"https:\/\/caf.org.uy\/caf\/wp-json\/wp\/v2\/categories?post=4973"},{"taxonomy":"post_tag","embeddable":true,"href":"https:\/\/caf.org.uy\/caf\/wp-json\/wp\/v2\/tags?post=4973"}],"curies":[{"name":"wp","href":"https:\/\/api.w.org\/{rel}","templated":true}]}}