{"id":4923,"date":"2017-08-21T16:01:09","date_gmt":"2017-08-21T16:01:09","guid":{"rendered":"https:\/\/caf.org.uy\/caf\/?p=4923"},"modified":"2017-08-21T16:01:09","modified_gmt":"2017-08-21T16:01:09","slug":"joven-directiva-de-caf-2017-2018","status":"publish","type":"post","link":"https:\/\/caf.org.uy\/caf\/joven-directiva-de-caf-2017-2018\/","title":{"rendered":"Joven directiva de CAF 2017-2018"},"content":{"rendered":"<p>En el Consejo Directivo del 8 de agosto, qued\u00f3 conformado el nuevo directorio de CAF y se destaca por la integraci\u00f3n de j\u00f3venes productores como autoridades. El Comit\u00e9 Ejecutivo qued\u00f3 presidido por Virginia San Mart\u00edn (Presidenta), Stefan\u00eda Silveyira (Tesorera), Aparicio Hirschy (Secretario) y como Vicepresidente de CAF Pablo Perdomo.<\/p>\n<p>Stefan\u00eda tiene 24 a\u00f1os, es hija de productores lecheros de R\u00edo Negro, socia de CONAPROLE y representante en CAF por dicha cooperativa. Integra el Grupo de Referentes J\u00f3venes de CAF y se est\u00e1 formando a nivel terciario en lo vinculado a relaciones laborales.<\/p>\n<p>Su incorporaci\u00f3n al Comit\u00e9 Ejecutivo se debe a su trayectoria en CAF, como integrante del Grupo de J\u00f3venes, y despu\u00e9s como integrante del Consejo Directivo como vocal hace algunos a\u00f1os.<\/p>\n<p>Por su parte, Pablo Perdomo, delegado de CAF en INACOOP, asumi\u00f3 a partir del 8 de agosto la vicepresidencia de CAF. Junto a Virginia San Martin inici\u00f3 en CAF en el 2004 en el grupo de j\u00f3venes empresarios.<\/p>\n<p>La apuesta de CAF por las nuevas generaciones es un hecho.<\/p>\n","protected":false},"excerpt":{"rendered":"<p>En el Consejo Directivo del 8 de agosto, qued\u00f3 conformado el nuevo directorio de CAF y se destaca por la integraci\u00f3n de j\u00f3venes productores como autoridades. El Comit\u00e9 Ejecutivo qued\u00f3 &hellip; <a class=\"readmore\" href=\"https:\/\/caf.org.uy\/caf\/joven-directiva-de-caf-2017-2018\/\">Seguir leyendo &rarr;<\/a><\/p>\n","protected":false},"author":5,"featured_media":4924,"comment_status":"open","ping_status":"closed","sticky":false,"template":"","format":"standard","meta":{"csbAdvScrollBarCursor":"","footnotes":""},"categories":[20,2,42],"tags":[],"class_list":["post-4923","post","type-post","status-publish","format-standard","has-post-thumbnail","hentry","category-institucional-gremial","category-noticias","category-portada"],"_links":{"self":[{"href":"https:\/\/caf.org.uy\/caf\/wp-json\/wp\/v2\/posts\/4923","targetHints":{"allow":["GET"]}}],"collection":[{"href":"https:\/\/caf.org.uy\/caf\/wp-json\/wp\/v2\/posts"}],"about":[{"href":"https:\/\/caf.org.uy\/caf\/wp-json\/wp\/v2\/types\/post"}],"author":[{"embeddable":true,"href":"https:\/\/caf.org.uy\/caf\/wp-json\/wp\/v2\/users\/5"}],"replies":[{"embeddable":true,"href":"https:\/\/caf.org.uy\/caf\/wp-json\/wp\/v2\/comments?post=4923"}],"version-history":[{"count":1,"href":"https:\/\/caf.org.uy\/caf\/wp-json\/wp\/v2\/posts\/4923\/revisions"}],"predecessor-version":[{"id":4925,"href":"https:\/\/caf.org.uy\/caf\/wp-json\/wp\/v2\/posts\/4923\/revisions\/4925"}],"wp:featuredmedia":[{"embeddable":true,"href":"https:\/\/caf.org.uy\/caf\/wp-json\/wp\/v2\/media\/4924"}],"wp:attachment":[{"href":"https:\/\/caf.org.uy\/caf\/wp-json\/wp\/v2\/media?parent=4923"}],"wp:term":[{"taxonomy":"category","embeddable":true,"href":"https:\/\/caf.org.uy\/caf\/wp-json\/wp\/v2\/categories?post=4923"},{"taxonomy":"post_tag","embeddable":true,"href":"https:\/\/caf.org.uy\/caf\/wp-json\/wp\/v2\/tags?post=4923"}],"curies":[{"name":"wp","href":"https:\/\/api.w.org\/{rel}","templated":true}]}}