{"id":4886,"date":"2017-07-26T15:33:21","date_gmt":"2017-07-26T15:33:21","guid":{"rendered":"http:\/\/www.caf.org.uy\/site\/?p=4886"},"modified":"2017-07-26T15:33:21","modified_gmt":"2017-07-26T15:33:21","slug":"tenemos-problemas-sistemicos-de-competitividad","status":"publish","type":"post","link":"https:\/\/caf.org.uy\/caf\/tenemos-problemas-sistemicos-de-competitividad\/","title":{"rendered":"\u201cTenemos problemas sist\u00e9micos de competitividad\u201d"},"content":{"rendered":"<p><strong>\u201cLas cooperativas agrarias est\u00e1n innovando, modernizando su gesti\u00f3n e infraestructura, est\u00e1n diversificando\u201d, dijo Virginia San Mart\u00edn en el cierre de la Asamblea General de CAF, el pasado martes 25 de julio de 2017. Sin embargo, tambi\u00e9n destac\u00f3 que \u201csin excepciones los rubros est\u00e1n con escasa, nula o negativa rentabilidad, nuestras socias est\u00e1n haciendo enormes esfuerzos, y siguen en el territorio, junto al productor\u201d. <\/strong><br \/>\nJunto al presidente de INACOOP, Gustavo Bernini, y la presidenta de CUDECOOP, Graciela Fern\u00e1ndez, la m\u00e1xima autoridad de las Cooperativas Agrarias Federadas reflexion\u00f3 ante los productores de m\u00e1s de 15 cooperativas y fomentos asociadas sobre la herramienta cooperativa y les plante\u00f3 la necesidad de seguir acompa\u00f1ando y apoyando a las cooperativas agrarias en su acci\u00f3n gremial para incidir en la construcci\u00f3n de pol\u00edticas y bienes p\u00fablicos.<br \/>\nSobre el Fondo para el Desarrollo (<strong>FONDES-Inacoop<\/strong>), Virginia San Mart\u00edn plante\u00f3\u00a0 a las autoridades \u201clas cooperativas agropecuarias precisan m\u00e1s financiamiento y deben usar esta herramienta en forma estrat\u00e9gica y responsable, con proyectos viables y sostenibles\u201d, y enfatiz\u00f3 en que \u201cdebemos analizar los topes ya que son bajos para el sector, por la dimensi\u00f3n de los emprendimientos en infraestructura por ejemplo\u201d.<br \/>\nSobre el sector productivo, la Presidenta de CAF, volvi\u00f3 a referirse a \u201cun sector productivo en dificultades\u201d. Y agreg\u00f3, \u201ctenemos problemas de competitividad sist\u00e9micos externos, entre ellos el tipo de cambio real, los salarios altos, los conflictos laborales y la rigidez laboral\u201d.<br \/>\nSan Mart\u00edn plante\u00f3 que \u201c<strong>para ser un pa\u00eds agroexportador necesitamos inexorablemente una matriz energ\u00e9tica acorde a un modelo competitivo (gasoil, electricidad, gas) con pol\u00edticas p\u00fablicas que fomenten la autogeneraci\u00f3n\u201d. <\/strong><br \/>\nRecord\u00f3 que los temas de infraestructura vial \u201csiguen pendientes, hemos hecho propuestas al gobierno desde el 2014\u201d. La inserci\u00f3n comercial internacional es tambi\u00e9n un tema que <strong>\u201cel a\u00f1o pasado en nuestra Asamblea fue central, hoy no hay avances, hay especialistas que dicen que estamos estancados, y otros son m\u00e1s arriesgados y dicen que estamos en retroceso\u201d.<\/strong><br \/>\nLa presidenta de CAF tambi\u00e9n plante\u00f3 que en su acci\u00f3n gremial estar\u00e1 en la agenda el tema de\u00a0 las exportaciones y agregado de valor, especialmente en lo que respecta a <strong>la devoluci\u00f3n de impuestos y el pre financiamiento de exportaci\u00f3n<\/strong>, mencionando algunos ejemplos de cooperativas que lo est\u00e1n necesitando como Central Lanera, Copagran, Calmer y Conaprole. \u201cEsta ser\u00e1 una l\u00ednea de trabajo para la acci\u00f3n gremial en este y el pr\u00f3ximo a\u00f1o\u201d, remarc\u00f3.<br \/>\nPara finalizar, Virginia reflexion\u00f3 sobre los desaf\u00edos pendientes, y reconoci\u00f3 que \u201chay cosas que dependen del gobierno y de coyunturas externas donde seguiremos haciendo esfuerzos para incidir, pero hay cosas que dependen directamente de las cooperativas y es donde tenemos que seguir poniendo la energ\u00eda y los esfuerzos\u201d.<br \/>\nEn este sentido, remarc\u00f3 la importancia de \u201chacer del sector cooperativo y agrario <strong>un lugar atractivo para las nuevas generaciones<\/strong>, estamos innovando, estamos moderniz\u00e1ndonos pero parecen no saberlo\u201d, y agreg\u00f3, \u201cno solo pensemos en recambio generacional para nuestras directivas o para mantener al productor en el campo, propongo ir un poco m\u00e1s all\u00e1\u201d. Virginia plante\u00f3 \u201cinvolucrar una mirada amplia, pensar en ser atractivos para los j\u00f3venes, productores, t\u00e9cnicos, profesionales, trabajadores\u201d.<br \/>\nCit\u00f3 datos de\u00a0 OPYPA (2016) donde encontraron que las principales dificultades que enfrenta el mercado laboral de sector hoy est\u00e1n en el envejecimiento de los recursos humanos en el agro y\u00a0 la baja calificaci\u00f3n de las personas ocupadas en el sector. Estos datos, juntos con los de OPP, plantea San Mart\u00edn \u201cson alarmantes\u201d, OPP (2017) nos dice que en el 2050 el agro ser\u00e1 el sector de la econom\u00eda que m\u00e1s automatizaci\u00f3n del trabajo tendr\u00e1 (88%). \u201c<strong>El riesgo m\u00e1s grande no es que los uruguayos del sector nos quedemos sin trabajo o sin empleados, sino que no estemos preparados para desempe\u00f1ar los trabajos que se generen con la revoluci\u00f3n tecnol\u00f3gica que se viene\u201d,<\/strong> reflexion\u00f3 la presidenta de CAF.<br \/>\n\u201cTengo dos hijos, a uno le gusta mucho el campo y al otro no, nos preguntamos con mi esposo c\u00f3mo hacemos para motivar al que le gusta menos, entonces cuando empezaron con los temas de rob\u00f3tica en la escuela vi la oportunidad: le cont\u00e9 y mostr\u00e9 el tractor manejado a distancia, el uso de los drones en el agro\u201d, cont\u00f3 Virginia y reflexion\u00f3 que esta fue la f\u00f3rmula para \u201cconectarme con \u00e9l y arrimarlo\u201d.<br \/>\nEntonces reflexion\u00f3, \u201c\u00bfinvitamos a los j\u00f3venes para insertarse en estructuras tradicionales o los invitamos a que nos ayuden a cambiar esas tradicionales estructuras con las herramientas que naturalmente ellos tienen y nosotros no\u201d, y agreg\u00f3 para terminar, \u201c<strong>la continuidad de las cooperativas depende el trabajo que hagamos hoy para seducir a estas nuevas generaciones<\/strong>, es nuestra responsabilidad mostrar que en el sector agropecuario y cooperativo, pueden utilizar todas esas herramientas tecnol\u00f3gicas que s\u00ed se ven en otros sectores, y que tambi\u00e9n son posibles en el nuestro\u201d.<br \/>\nCerrando su discurso en el cierre de la Asamblea de CAF, su presidenta entonces devolvi\u00f3 la pregunta al p\u00fablico presente <strong>\u201c\u00bfc\u00f3mo estamos conectando y arrimando hoy a los m\u00e1s j\u00f3venes y los nuevos talentos a nuestras cooperativas? \u00bfY a los empresarios y productores de aqu\u00ed a 20 a\u00f1os?\u201d.<\/strong><br \/>\n<strong>\u00a0<\/strong><em>Acceder <a href=\"http:\/\/www.caf.org.uy\/site\/?p=4872\">aqu\u00ed<\/a> a m\u00e1s informaci\u00f3n de la Asamblea de CAF<\/em><\/p>\n","protected":false},"excerpt":{"rendered":"<p>\u201cLas cooperativas agrarias est\u00e1n innovando, modernizando su gesti\u00f3n e infraestructura, est\u00e1n diversificando\u201d, dijo Virginia San Mart\u00edn en el cierre de la Asamblea General de CAF, el pasado martes 25 de &hellip; <a class=\"readmore\" href=\"https:\/\/caf.org.uy\/caf\/tenemos-problemas-sistemicos-de-competitividad\/\">Seguir leyendo &rarr;<\/a><\/p>\n","protected":false},"author":1,"featured_media":4887,"comment_status":"open","ping_status":"closed","sticky":false,"template":"","format":"standard","meta":{"csbAdvScrollBarCursor":"","footnotes":""},"categories":[20,2,42],"tags":[],"class_list":["post-4886","post","type-post","status-publish","format-standard","has-post-thumbnail","hentry","category-institucional-gremial","category-noticias","category-portada"],"_links":{"self":[{"href":"https:\/\/caf.org.uy\/caf\/wp-json\/wp\/v2\/posts\/4886","targetHints":{"allow":["GET"]}}],"collection":[{"href":"https:\/\/caf.org.uy\/caf\/wp-json\/wp\/v2\/posts"}],"about":[{"href":"https:\/\/caf.org.uy\/caf\/wp-json\/wp\/v2\/types\/post"}],"author":[{"embeddable":true,"href":"https:\/\/caf.org.uy\/caf\/wp-json\/wp\/v2\/users\/1"}],"replies":[{"embeddable":true,"href":"https:\/\/caf.org.uy\/caf\/wp-json\/wp\/v2\/comments?post=4886"}],"version-history":[{"count":0,"href":"https:\/\/caf.org.uy\/caf\/wp-json\/wp\/v2\/posts\/4886\/revisions"}],"wp:featuredmedia":[{"embeddable":true,"href":"https:\/\/caf.org.uy\/caf\/wp-json\/wp\/v2\/media\/4887"}],"wp:attachment":[{"href":"https:\/\/caf.org.uy\/caf\/wp-json\/wp\/v2\/media?parent=4886"}],"wp:term":[{"taxonomy":"category","embeddable":true,"href":"https:\/\/caf.org.uy\/caf\/wp-json\/wp\/v2\/categories?post=4886"},{"taxonomy":"post_tag","embeddable":true,"href":"https:\/\/caf.org.uy\/caf\/wp-json\/wp\/v2\/tags?post=4886"}],"curies":[{"name":"wp","href":"https:\/\/api.w.org\/{rel}","templated":true}]}}