{"id":4872,"date":"2017-07-26T14:59:05","date_gmt":"2017-07-26T14:59:05","guid":{"rendered":"http:\/\/www.caf.org.uy\/site\/?p=4872"},"modified":"2017-07-26T14:59:05","modified_gmt":"2017-07-26T14:59:05","slug":"caf-celebro-su-33-asamblea-general","status":"publish","type":"post","link":"https:\/\/caf.org.uy\/caf\/caf-celebro-su-33-asamblea-general\/","title":{"rendered":"CAF celebro su 33\u00b0 Asamblea General"},"content":{"rendered":"<p>Productores y gerentes de m\u00e1s de 15 cooperativas asociadas a CAF se dieron cita ayer en la Asamblea General Ordinaria de CAF. Se aprobaron la Memoria Anual y los Estados Contables, as\u00ed como el presupuesto para el pr\u00f3ximo ejercicio. Fuera del \u00e1mbito formal, en plenaria, los productores recibieron informaci\u00f3n de primera mano sobre las oportunidades que se est\u00e1n generando en el \u00e1mbito de CAF en articulaci\u00f3n con diferentes actores, para promover el desarrollo de las cooperativas y fomentos.<br \/>\nSe presentaron los avances de la Unidad Comercial de CAF, los avances en los programas de Formaci\u00f3n Profesional, las ventanas para presentar las necesidades de capacitaci\u00f3n de dirigentes, productores, gerentes, funcionarios, j\u00f3venes y mujeres rurales. Por otra parte, el gerente de CAF, Luis Frachia, present\u00f3 la gobernanza del nuevo Programa de Desarrollo Competitivo para las cooperativas y fomentos.<br \/>\nEn un espacio taller, la presidenta de CAF, Virginia San Mart\u00edn, trabaj\u00f3 con los asambleistas en los temas de la estrategia gremial.<br \/>\nPara finalizar, los presidentes de INACOOP y CUDECOOP, Gustavo Bernini y Graciela Fern\u00e1ndez, participaron de un panel titulado Cooperativas al 2030, planteando los desaf\u00edos del cooperativismo en el futuro.<br \/>\nLa presidenta de CAF, Virginia San Martin, finaliz\u00f3 con un discurso que enfatiz\u00f3 en los problemas de competitividad que enfrentan las cooperativas y los desaf\u00edos gremiales. (Ver nota aparte)<br \/>\n<img fetchpriority=\"high\" decoding=\"async\" class=\"aligncenter size-large wp-image-4873\" src=\"http:\/\/www.caf.org.uy\/site\/wp-content\/uploads\/2017\/07\/WhatsApp-Image-2017-07-25-at-09.52.42-650x366.jpeg\" alt=\"\" width=\"650\" height=\"366\" srcset=\"https:\/\/caf.org.uy\/caf\/wp-content\/uploads\/2017\/07\/WhatsApp-Image-2017-07-25-at-09.52.42-650x366.jpeg 650w, https:\/\/caf.org.uy\/caf\/wp-content\/uploads\/2017\/07\/WhatsApp-Image-2017-07-25-at-09.52.42-420x236.jpeg 420w, https:\/\/caf.org.uy\/caf\/wp-content\/uploads\/2017\/07\/WhatsApp-Image-2017-07-25-at-09.52.42-768x432.jpeg 768w, https:\/\/caf.org.uy\/caf\/wp-content\/uploads\/2017\/07\/WhatsApp-Image-2017-07-25-at-09.52.42-1000x563.jpeg 1000w, https:\/\/caf.org.uy\/caf\/wp-content\/uploads\/2017\/07\/WhatsApp-Image-2017-07-25-at-09.52.42.jpeg 1600w\" sizes=\"(max-width: 650px) 100vw, 650px\" \/><br \/>\n&nbsp;<\/p>\n","protected":false},"excerpt":{"rendered":"<p>Productores y gerentes de m\u00e1s de 15 cooperativas asociadas a CAF se dieron cita ayer en la Asamblea General Ordinaria de CAF. Se aprobaron la Memoria Anual y los Estados &hellip; <a class=\"readmore\" href=\"https:\/\/caf.org.uy\/caf\/caf-celebro-su-33-asamblea-general\/\">Seguir leyendo &rarr;<\/a><\/p>\n","protected":false},"author":1,"featured_media":4874,"comment_status":"open","ping_status":"closed","sticky":false,"template":"","format":"standard","meta":{"csbAdvScrollBarCursor":"","footnotes":""},"categories":[20,2,42],"tags":[],"class_list":["post-4872","post","type-post","status-publish","format-standard","has-post-thumbnail","hentry","category-institucional-gremial","category-noticias","category-portada"],"_links":{"self":[{"href":"https:\/\/caf.org.uy\/caf\/wp-json\/wp\/v2\/posts\/4872","targetHints":{"allow":["GET"]}}],"collection":[{"href":"https:\/\/caf.org.uy\/caf\/wp-json\/wp\/v2\/posts"}],"about":[{"href":"https:\/\/caf.org.uy\/caf\/wp-json\/wp\/v2\/types\/post"}],"author":[{"embeddable":true,"href":"https:\/\/caf.org.uy\/caf\/wp-json\/wp\/v2\/users\/1"}],"replies":[{"embeddable":true,"href":"https:\/\/caf.org.uy\/caf\/wp-json\/wp\/v2\/comments?post=4872"}],"version-history":[{"count":0,"href":"https:\/\/caf.org.uy\/caf\/wp-json\/wp\/v2\/posts\/4872\/revisions"}],"wp:featuredmedia":[{"embeddable":true,"href":"https:\/\/caf.org.uy\/caf\/wp-json\/wp\/v2\/media\/4874"}],"wp:attachment":[{"href":"https:\/\/caf.org.uy\/caf\/wp-json\/wp\/v2\/media?parent=4872"}],"wp:term":[{"taxonomy":"category","embeddable":true,"href":"https:\/\/caf.org.uy\/caf\/wp-json\/wp\/v2\/categories?post=4872"},{"taxonomy":"post_tag","embeddable":true,"href":"https:\/\/caf.org.uy\/caf\/wp-json\/wp\/v2\/tags?post=4872"}],"curies":[{"name":"wp","href":"https:\/\/api.w.org\/{rel}","templated":true}]}}