{"id":4803,"date":"2017-05-30T13:11:38","date_gmt":"2017-05-30T13:11:38","guid":{"rendered":"http:\/\/www.caf.org.uy\/site\/?p=4803"},"modified":"2017-05-30T13:11:38","modified_gmt":"2017-05-30T13:11:38","slug":"caf-mostro-al-ministro-murro-el-dia-a-dia-de-los-productores","status":"publish","type":"post","link":"https:\/\/caf.org.uy\/caf\/caf-mostro-al-ministro-murro-el-dia-a-dia-de-los-productores\/","title":{"rendered":"CAF mostr\u00f3 al ministro Murro el d\u00eda a d\u00eda de los productores"},"content":{"rendered":"<p>El ministro de Trabajo y Seguridad Social Ernesto Murro, acompa\u00f1ado de una delegaci\u00f3n del Instituto Nacional del Cooperativismo (INACOOP), conformada por el vicepresidente del instituto, Carlos Reyes, y los directores \u00c1lvaro Nodale y Pablo Perdomo, se reunieron en la sede de COPAGRAN en la localidad de Young, departamento de R\u00edo Negro, con la presidenta de las Cooperativas Agrarias Federadas (CAF), Virgnia San Mart\u00edn, directivos de COPAGRAN y productores rurales de Paysand\u00fa, R\u00edo Negro, Soriano y Colonia.<br \/>\nEl encuentro estuvo signado por un esp\u00edritu de di\u00e1logo e intercambio franco, donde las participantes coincidieron en profundizar la coordinaci\u00f3n y cooperaci\u00f3n entre las Cooperativas Agrarias Federadas, el Ministerio de Trabajo y Seguridad Social, INACOOP e INEFOP.<br \/>\nLa presidenta de CAF, San Mart\u00edn, indic\u00f3 que la propuesta fue invitar al ministro para mostrarle directamente en el territorio el d\u00eda a d\u00eda de los productores y la labor que realizan las cooperativas como COPAGRAN a nivel de inversiones en esta zona, entre otras, y el trabajo de CAF en cuanto al apoyo y est\u00edmulo a los productores.<br \/>\nAsimismo, se\u00f1al\u00f3 la importancia que INACOOP vea en CAF en un aliado para la promoci\u00f3n y desarrollo del cooperativismo a nivel territorial.<br \/>\n\n\t\t<style type=\"text\/css\">\n\t\t\t#gallery-1 {\n\t\t\t\tmargin: auto;\n\t\t\t}\n\t\t\t#gallery-1 .gallery-item {\n\t\t\t\tfloat: left;\n\t\t\t\tmargin-top: 10px;\n\t\t\t\ttext-align: center;\n\t\t\t\twidth: 33%;\n\t\t\t}\n\t\t\t#gallery-1 img {\n\t\t\t\tborder: 2px solid #cfcfcf;\n\t\t\t}\n\t\t\t#gallery-1 .gallery-caption {\n\t\t\t\tmargin-left: 0;\n\t\t\t}\n\t\t\t\/* see gallery_shortcode() in wp-includes\/media.php *\/\n\t\t<\/style>\n\t\t<div id='gallery-1' class='gallery galleryid-4803 gallery-columns-3 gallery-size-thumbnail'><dl class='gallery-item'>\n\t\t\t<dt class='gallery-icon landscape'>\n\t\t\t\t<a href='https:\/\/caf.org.uy\/caf\/copagran-con-murro-gira-caf-2-may2017\/'><img decoding=\"async\" width=\"230\" height=\"170\" src=\"https:\/\/caf.org.uy\/caf\/wp-content\/uploads\/2017\/05\/copagran-con-murro-gira-CAF-2-may2017-230x170.jpg\" class=\"attachment-thumbnail size-thumbnail\" alt=\"\" \/><\/a>\n\t\t\t<\/dt><\/dl><dl class='gallery-item'>\n\t\t\t<dt class='gallery-icon landscape'>\n\t\t\t\t<a href='https:\/\/caf.org.uy\/caf\/copagran-con-murro-gira-caf-may2017\/'><img decoding=\"async\" width=\"230\" height=\"170\" src=\"https:\/\/caf.org.uy\/caf\/wp-content\/uploads\/2017\/05\/copagran-con-murro-gira-CAF-may2017-230x170.jpg\" class=\"attachment-thumbnail size-thumbnail\" alt=\"\" \/><\/a>\n\t\t\t<\/dt><\/dl>\n\t\t\t<br style='clear: both' \/>\n\t\t<\/div>\n<br \/>\n&nbsp;<\/p>\n","protected":false},"excerpt":{"rendered":"<p>El ministro de Trabajo y Seguridad Social Ernesto Murro, acompa\u00f1ado de una delegaci\u00f3n del Instituto Nacional del Cooperativismo (INACOOP), conformada por el vicepresidente del instituto, Carlos Reyes, y los directores &hellip; <a class=\"readmore\" href=\"https:\/\/caf.org.uy\/caf\/caf-mostro-al-ministro-murro-el-dia-a-dia-de-los-productores\/\">Seguir leyendo &rarr;<\/a><\/p>\n","protected":false},"author":1,"featured_media":4804,"comment_status":"open","ping_status":"closed","sticky":false,"template":"","format":"standard","meta":{"csbAdvScrollBarCursor":"","footnotes":""},"categories":[20,2,42],"tags":[],"class_list":["post-4803","post","type-post","status-publish","format-standard","has-post-thumbnail","hentry","category-institucional-gremial","category-noticias","category-portada"],"_links":{"self":[{"href":"https:\/\/caf.org.uy\/caf\/wp-json\/wp\/v2\/posts\/4803","targetHints":{"allow":["GET"]}}],"collection":[{"href":"https:\/\/caf.org.uy\/caf\/wp-json\/wp\/v2\/posts"}],"about":[{"href":"https:\/\/caf.org.uy\/caf\/wp-json\/wp\/v2\/types\/post"}],"author":[{"embeddable":true,"href":"https:\/\/caf.org.uy\/caf\/wp-json\/wp\/v2\/users\/1"}],"replies":[{"embeddable":true,"href":"https:\/\/caf.org.uy\/caf\/wp-json\/wp\/v2\/comments?post=4803"}],"version-history":[{"count":0,"href":"https:\/\/caf.org.uy\/caf\/wp-json\/wp\/v2\/posts\/4803\/revisions"}],"wp:featuredmedia":[{"embeddable":true,"href":"https:\/\/caf.org.uy\/caf\/wp-json\/wp\/v2\/media\/4804"}],"wp:attachment":[{"href":"https:\/\/caf.org.uy\/caf\/wp-json\/wp\/v2\/media?parent=4803"}],"wp:term":[{"taxonomy":"category","embeddable":true,"href":"https:\/\/caf.org.uy\/caf\/wp-json\/wp\/v2\/categories?post=4803"},{"taxonomy":"post_tag","embeddable":true,"href":"https:\/\/caf.org.uy\/caf\/wp-json\/wp\/v2\/tags?post=4803"}],"curies":[{"name":"wp","href":"https:\/\/api.w.org\/{rel}","templated":true}]}}