{"id":4782,"date":"2017-05-17T13:58:15","date_gmt":"2017-05-17T13:58:15","guid":{"rendered":"http:\/\/www.caf.org.uy\/site\/?p=4782"},"modified":"2017-05-17T13:58:15","modified_gmt":"2017-05-17T13:58:15","slug":"que-demandas-de-formacion-tenemos-las-coops-agrarias","status":"publish","type":"post","link":"https:\/\/caf.org.uy\/caf\/que-demandas-de-formacion-tenemos-las-coops-agrarias\/","title":{"rendered":"\u00bfQu\u00e9 demandas de formaci\u00f3n tenemos las coops agrarias?"},"content":{"rendered":"<p>CAF est\u00e1 iniciando una etapa de investigaci\u00f3n sobre las necesidades y demandas de formaci\u00f3n en las cooperativas agrarias asociadas y no asociadas, con el fin de obtener insumos para elaborar su Programa de Formaci\u00f3n para las Cooperativas Agrarias del Uruguay.<br \/>\nPara ello, el Plan de Trabajo estipulado para los pr\u00f3ximos meses de mayo, junio y julio, prev\u00e9 la realizaci\u00f3n de entrevistas en profundidad a informantes calificados de las cooperativas y fomentos agrarias, para obtener el insumo necesario. El estudio finalizar\u00e1 con una propuesta de malla de cursos, demandas y ofertas de capacitaci\u00f3n con una variedad de m\u00e9todos que van desde estudios de caso hasta educaci\u00f3n a distancia.<br \/>\nEsto es posible gracias al acuerdo firmado con PROCOOP (Programa de Formaci\u00f3n Cooperativa de INACOOP-CUDECOOP) el pasado viernes 5 de mayo, a trav\u00e9s de CCU que es la entidad ECA que realizar\u00e1 el estudio para CAF.<br \/>\nLas cooperativas asociadas a CAF recibir\u00e1n en los pr\u00f3ximos d\u00edas una comunicaci\u00f3n espec\u00edfica al respecto.<br \/>\n&nbsp;<\/p>\n","protected":false},"excerpt":{"rendered":"<p>CAF est\u00e1 iniciando una etapa de investigaci\u00f3n sobre las necesidades y demandas de formaci\u00f3n en las cooperativas agrarias asociadas y no asociadas, con el fin de obtener insumos para elaborar &hellip; <a class=\"readmore\" href=\"https:\/\/caf.org.uy\/caf\/que-demandas-de-formacion-tenemos-las-coops-agrarias\/\">Seguir leyendo &rarr;<\/a><\/p>\n","protected":false},"author":1,"featured_media":4783,"comment_status":"open","ping_status":"closed","sticky":false,"template":"","format":"standard","meta":{"csbAdvScrollBarCursor":"","footnotes":""},"categories":[20,2,42],"tags":[],"class_list":["post-4782","post","type-post","status-publish","format-standard","has-post-thumbnail","hentry","category-institucional-gremial","category-noticias","category-portada"],"_links":{"self":[{"href":"https:\/\/caf.org.uy\/caf\/wp-json\/wp\/v2\/posts\/4782","targetHints":{"allow":["GET"]}}],"collection":[{"href":"https:\/\/caf.org.uy\/caf\/wp-json\/wp\/v2\/posts"}],"about":[{"href":"https:\/\/caf.org.uy\/caf\/wp-json\/wp\/v2\/types\/post"}],"author":[{"embeddable":true,"href":"https:\/\/caf.org.uy\/caf\/wp-json\/wp\/v2\/users\/1"}],"replies":[{"embeddable":true,"href":"https:\/\/caf.org.uy\/caf\/wp-json\/wp\/v2\/comments?post=4782"}],"version-history":[{"count":0,"href":"https:\/\/caf.org.uy\/caf\/wp-json\/wp\/v2\/posts\/4782\/revisions"}],"wp:featuredmedia":[{"embeddable":true,"href":"https:\/\/caf.org.uy\/caf\/wp-json\/wp\/v2\/media\/4783"}],"wp:attachment":[{"href":"https:\/\/caf.org.uy\/caf\/wp-json\/wp\/v2\/media?parent=4782"}],"wp:term":[{"taxonomy":"category","embeddable":true,"href":"https:\/\/caf.org.uy\/caf\/wp-json\/wp\/v2\/categories?post=4782"},{"taxonomy":"post_tag","embeddable":true,"href":"https:\/\/caf.org.uy\/caf\/wp-json\/wp\/v2\/tags?post=4782"}],"curies":[{"name":"wp","href":"https:\/\/api.w.org\/{rel}","templated":true}]}}