{"id":4779,"date":"2017-05-17T13:50:45","date_gmt":"2017-05-17T13:50:45","guid":{"rendered":"https:\/\/caf.org.uy\/caf\/?p=4779"},"modified":"2017-05-22T17:05:33","modified_gmt":"2017-05-22T17:05:33","slug":"fortalecimiento-gremial-para-caf","status":"publish","type":"post","link":"https:\/\/caf.org.uy\/caf\/fortalecimiento-gremial-para-caf\/","title":{"rendered":"Fortalecimiento Gremial para CAF"},"content":{"rendered":"<p>El viernes 5 de mayo CAF firm\u00f3 el convenio de Fortalecimiento Gremial con INACOOP y CUDECOOP. Virginia San Mart\u00edn, destac\u00f3 la oportunidad que representa para la Federaci\u00f3n este acuerdo que permite continuar sosteniendo y creciendo la labor de CAF con sus cooperativas socias y en su acci\u00f3n gremial.<\/p>\n<p>La apertura de este acto estuvo a cargo de la Presidenta de CUDECOOP, Graciela Fern\u00e1ndez y de Gustavo Bernini, Presidente de INACOOP.<\/p>\n<p><strong>Fortalecer las bases<\/strong><\/p>\n<p>Graciela Fern\u00e1ndez destac\u00f3 la importancia de que CUDECOOP e INACOOP trabajen en conjunto y a\u00fanen sus esfuerzos en una estrategia com\u00fan. Esto permite potenciar capacidades y atender el desarrollo del cooperativismo en distintos niveles.<\/p>\n<p>Por su lado, Gustavo Bernini puntualiz\u00f3 en la necesidad de fortalecer las bases de las organizaciones, de modo de que \u00e9stas puedan adaptarse a los distintos contextos pol\u00edticos. Asimismo, reafirm\u00f3 la importancia de que el cooperativismo est\u00e9 presente en todo el territorio nacional, lo cual se sostiene tambi\u00e9n con las acciones de las diferentes gremiales.<\/p>\n<p><strong>Sumar para consolidar \u00a0<\/strong><\/p>\n<p>Luego de estas palabras, las autoridades de las distintas federaciones: Virginia San Mart\u00edn, Presidenta de las Cooperativas Agrarias Federadas (CAF); Alfredo Allo, Presidente de la C\u00e1mara Uruguaya de Cooperativas de Ahorro y Cr\u00e9dito de Capitalizaci\u00f3n (CUCACC); Luis \u00c1lvez, Presidente de la Federaci\u00f3n de Cooperativas de Producci\u00f3n del Uruguay (FCPU); Alex de \u00c1lava, Presidente de la Federaci\u00f3n de Cooperativas de Vivienda de Usuarios por Ahorro Previo (FECOVI); Jos\u00e9 Tr\u00edpodi, Presidente de la Federaci\u00f3n Uruguaya de Cooperativas de Consumo (FUCC); y Jorge D\u00edaz, Presidente de la Federaci\u00f3n Uruguaya de Cooperativas de Vivienda por Ayuda Mutua (FUCVAM), destacaron aspectos sustanciales de los acuerdos efectuados.<\/p>\n<p>Todos valoraron de forma positiva los convenios establecidos, hecho que les ha permitido mejorar y sumar mayores acciones de formaci\u00f3n, comunicaci\u00f3n, intercooperaci\u00f3n, as\u00ed como su presencia en todo el territorio. Esto hace posible, adem\u00e1s, contar con nuevos profesionales en sus equipos, y por tanto ampliar la tarea y trabajar de manera m\u00e1s eficaz.<\/p>\n<p>&nbsp;<\/p>\n<p><img fetchpriority=\"high\" decoding=\"async\" class=\"aligncenter size-large wp-image-4780\" src=\"https:\/\/caf.org.uy\/caf\/wp-content\/uploads\/2017\/05\/unnamed-637x480.jpg\" alt=\"\" width=\"637\" height=\"480\" srcset=\"https:\/\/caf.org.uy\/caf\/wp-content\/uploads\/2017\/05\/unnamed-637x480.jpg 637w, https:\/\/caf.org.uy\/caf\/wp-content\/uploads\/2017\/05\/unnamed-411x310.jpg 411w, https:\/\/caf.org.uy\/caf\/wp-content\/uploads\/2017\/05\/unnamed-768x579.jpg 768w, https:\/\/caf.org.uy\/caf\/wp-content\/uploads\/2017\/05\/unnamed.jpg 858w\" sizes=\"(max-width: 637px) 100vw, 637px\" \/><\/p>\n<p>Leer m\u00e1s: <a href=\"http:\/\/www.inacoop.org.uy\/products\/mas-iniciativas-cooperativas-y-mayor-visibilidad\/?utm_source=copy&amp;utm_medium=paste&amp;utm_campaign=copypaste&amp;utm_content=http%3A%2F%2Fwww.inacoop.org.uy%2Fproducts%2Fmas-iniciativas-cooperativas-y-mayor-visibilidad%2F\">http:\/\/www.inacoop.org.uy\/products\/mas-iniciativas-cooperativas-y-mayor-visibilidad\/<\/a><\/p>\n","protected":false},"excerpt":{"rendered":"<p>El viernes 5 de mayo CAF firm\u00f3 el convenio de Fortalecimiento Gremial con INACOOP y CUDECOOP. Virginia San Mart\u00edn, destac\u00f3 la oportunidad que representa para la Federaci\u00f3n este acuerdo que &hellip; <a class=\"readmore\" href=\"https:\/\/caf.org.uy\/caf\/fortalecimiento-gremial-para-caf\/\">Seguir leyendo &rarr;<\/a><\/p>\n","protected":false},"author":5,"featured_media":4780,"comment_status":"open","ping_status":"closed","sticky":false,"template":"","format":"standard","meta":{"csbAdvScrollBarCursor":"","footnotes":""},"categories":[20,2,42],"tags":[],"class_list":["post-4779","post","type-post","status-publish","format-standard","has-post-thumbnail","hentry","category-institucional-gremial","category-noticias","category-portada"],"_links":{"self":[{"href":"https:\/\/caf.org.uy\/caf\/wp-json\/wp\/v2\/posts\/4779","targetHints":{"allow":["GET"]}}],"collection":[{"href":"https:\/\/caf.org.uy\/caf\/wp-json\/wp\/v2\/posts"}],"about":[{"href":"https:\/\/caf.org.uy\/caf\/wp-json\/wp\/v2\/types\/post"}],"author":[{"embeddable":true,"href":"https:\/\/caf.org.uy\/caf\/wp-json\/wp\/v2\/users\/5"}],"replies":[{"embeddable":true,"href":"https:\/\/caf.org.uy\/caf\/wp-json\/wp\/v2\/comments?post=4779"}],"version-history":[{"count":3,"href":"https:\/\/caf.org.uy\/caf\/wp-json\/wp\/v2\/posts\/4779\/revisions"}],"predecessor-version":[{"id":4788,"href":"https:\/\/caf.org.uy\/caf\/wp-json\/wp\/v2\/posts\/4779\/revisions\/4788"}],"wp:featuredmedia":[{"embeddable":true,"href":"https:\/\/caf.org.uy\/caf\/wp-json\/wp\/v2\/media\/4780"}],"wp:attachment":[{"href":"https:\/\/caf.org.uy\/caf\/wp-json\/wp\/v2\/media?parent=4779"}],"wp:term":[{"taxonomy":"category","embeddable":true,"href":"https:\/\/caf.org.uy\/caf\/wp-json\/wp\/v2\/categories?post=4779"},{"taxonomy":"post_tag","embeddable":true,"href":"https:\/\/caf.org.uy\/caf\/wp-json\/wp\/v2\/tags?post=4779"}],"curies":[{"name":"wp","href":"https:\/\/api.w.org\/{rel}","templated":true}]}}