{"id":4747,"date":"2017-05-10T20:09:31","date_gmt":"2017-05-10T20:09:31","guid":{"rendered":"https:\/\/caf.org.uy\/caf\/?p=4747"},"modified":"2017-05-22T17:15:33","modified_gmt":"2017-05-22T17:15:33","slug":"empalme-generacional-y-transformacion-de-las-cooperativas","status":"publish","type":"post","link":"https:\/\/caf.org.uy\/caf\/empalme-generacional-y-transformacion-de-las-cooperativas\/","title":{"rendered":"Empalme Generacional y Transformaci\u00f3n de las Cooperativas"},"content":{"rendered":"<p>El desarrollo competitivo de las organizaciones colectivas agrarias uruguayas, tendr\u00e1 su estrategia bajo al menos, dos plataformas de trabajo: empalme generacional y transformaci\u00f3n. Ambas estrategias son producto de dos a\u00f1os de trabajo interinstitucional en el marco del proyecto Desarrollo Competitivo de las Organizaciones Colectivas Agropecuarias Consolidadas del Uruguay junto a MGAP (OPYPA y DGDR), FIDA MERCOSUR, IICA, INACOOP, CUDECOOP, CNFR y CAF.<\/p>\n<p>El pasado 9 de mayo tuvo lugar el Taller de Cierre del mencionado proyecto con la participaci\u00f3n de directivos, gerentes y t\u00e9cnicos de las organizaciones colectivas agrarias interesadas en participar de una nueva etapa sum\u00e1ndose a las dos iniciativas. Tambi\u00e9n acompa\u00f1aron en la actividad las autoridades de DGDR en la figura de Jos\u00e9 Olascuaga, director de FIDA MERCOSUR Alvaro Ramos, presidenta de CUDECOOP, directivos de INACOOP, y el equipo del proyecto.<\/p>\n<p>Virginia San Martin, presidenta de CAF, en la apertura y cierre del evento hizo menci\u00f3n al rol que deben asumir ahora las cooperativas y fomentos asociadas a CAF, as\u00ed como las no asociadas que se quieran sumar, para sacar adelante esta iniciativa de cambio tan necesaria para el sistema si se quiere responder a las nuevas demandas de los mercados m\u00e1s exigentes, ya que de lo que se trata es de ser m\u00e1s competitivos.<\/p>\n<p>El camino a seguir depender\u00e1 de una nueva estructura y gobernanza que se est\u00e1 delineando para dar curso a las iniciativas de Empalme Generacional y Transformaci\u00f3n de las Organizaciones Colectivas.<\/p>\n\n\t\t<style type=\"text\/css\">\n\t\t\t#gallery-1 {\n\t\t\t\tmargin: auto;\n\t\t\t}\n\t\t\t#gallery-1 .gallery-item {\n\t\t\t\tfloat: left;\n\t\t\t\tmargin-top: 10px;\n\t\t\t\ttext-align: center;\n\t\t\t\twidth: 33%;\n\t\t\t}\n\t\t\t#gallery-1 img {\n\t\t\t\tborder: 2px solid #cfcfcf;\n\t\t\t}\n\t\t\t#gallery-1 .gallery-caption {\n\t\t\t\tmargin-left: 0;\n\t\t\t}\n\t\t\t\/* see gallery_shortcode() in wp-includes\/media.php *\/\n\t\t<\/style>\n\t\t<div id='gallery-1' class='gallery galleryid-4747 gallery-columns-3 gallery-size-thumbnail'><dl class='gallery-item'>\n\t\t\t<dt class='gallery-icon portrait'>\n\t\t\t\t<a href='https:\/\/caf.org.uy\/caf\/empalme-generacional-y-transformacion-de-las-cooperativas\/fullsizerender-2\/'><img decoding=\"async\" width=\"230\" height=\"170\" src=\"https:\/\/caf.org.uy\/caf\/wp-content\/uploads\/2017\/05\/FullSizeRender-230x170.jpg\" class=\"attachment-thumbnail size-thumbnail\" alt=\"\" \/><\/a>\n\t\t\t<\/dt><\/dl><dl class='gallery-item'>\n\t\t\t<dt class='gallery-icon landscape'>\n\t\t\t\t<a href='https:\/\/caf.org.uy\/caf\/empalme-generacional-y-transformacion-de-las-cooperativas\/img_1843\/'><img decoding=\"async\" width=\"230\" height=\"170\" src=\"https:\/\/caf.org.uy\/caf\/wp-content\/uploads\/2017\/05\/IMG_1843-230x170.jpg\" class=\"attachment-thumbnail size-thumbnail\" alt=\"\" \/><\/a>\n\t\t\t<\/dt><\/dl><dl class='gallery-item'>\n\t\t\t<dt class='gallery-icon landscape'>\n\t\t\t\t<a href='https:\/\/caf.org.uy\/caf\/empalme-generacional-y-transformacion-de-las-cooperativas\/fullsizerender-3\/'><img decoding=\"async\" width=\"230\" height=\"170\" src=\"https:\/\/caf.org.uy\/caf\/wp-content\/uploads\/2017\/05\/FullSizeRender-1-230x170.jpg\" class=\"attachment-thumbnail size-thumbnail\" alt=\"\" \/><\/a>\n\t\t\t<\/dt><\/dl><br style=\"clear: both\" \/>\n\t\t<\/div>\n\n\n\t\t<style type=\"text\/css\">\n\t\t\t#gallery-2 {\n\t\t\t\tmargin: auto;\n\t\t\t}\n\t\t\t#gallery-2 .gallery-item {\n\t\t\t\tfloat: left;\n\t\t\t\tmargin-top: 10px;\n\t\t\t\ttext-align: center;\n\t\t\t\twidth: 33%;\n\t\t\t}\n\t\t\t#gallery-2 img {\n\t\t\t\tborder: 2px solid #cfcfcf;\n\t\t\t}\n\t\t\t#gallery-2 .gallery-caption {\n\t\t\t\tmargin-left: 0;\n\t\t\t}\n\t\t\t\/* see gallery_shortcode() in wp-includes\/media.php *\/\n\t\t<\/style>\n\t\t<div id='gallery-2' class='gallery galleryid-4747 gallery-columns-3 gallery-size-thumbnail'><dl class='gallery-item'>\n\t\t\t<dt class='gallery-icon landscape'>\n\t\t\t\t<a href='https:\/\/caf.org.uy\/caf\/empalme-generacional-y-transformacion-de-las-cooperativas\/2bb650dc-086f-44f6-b346-df7de0c88b97\/'><img loading=\"lazy\" decoding=\"async\" width=\"230\" height=\"170\" src=\"https:\/\/caf.org.uy\/caf\/wp-content\/uploads\/2017\/05\/2bb650dc-086f-44f6-b346-df7de0c88b97-230x170.jpg\" class=\"attachment-thumbnail size-thumbnail\" alt=\"\" \/><\/a>\n\t\t\t<\/dt><\/dl><dl class='gallery-item'>\n\t\t\t<dt class='gallery-icon landscape'>\n\t\t\t\t<a href='https:\/\/caf.org.uy\/caf\/empalme-generacional-y-transformacion-de-las-cooperativas\/vs\/'><img loading=\"lazy\" decoding=\"async\" width=\"230\" height=\"170\" src=\"https:\/\/caf.org.uy\/caf\/wp-content\/uploads\/2017\/05\/vs-230x170.jpg\" class=\"attachment-thumbnail size-thumbnail\" alt=\"\" \/><\/a>\n\t\t\t<\/dt><\/dl>\n\t\t\t<br style='clear: both' \/>\n\t\t<\/div>\n\n","protected":false},"excerpt":{"rendered":"<p>El desarrollo competitivo de las organizaciones colectivas agrarias uruguayas, tendr\u00e1 su estrategia bajo al menos, dos plataformas de trabajo: empalme generacional y transformaci\u00f3n. Ambas estrategias son producto de dos a\u00f1os &hellip; <a class=\"readmore\" href=\"https:\/\/caf.org.uy\/caf\/empalme-generacional-y-transformacion-de-las-cooperativas\/\">Seguir leyendo &rarr;<\/a><\/p>\n","protected":false},"author":5,"featured_media":4749,"comment_status":"open","ping_status":"closed","sticky":false,"template":"","format":"standard","meta":{"csbAdvScrollBarCursor":"","footnotes":""},"categories":[20,2,42],"tags":[],"class_list":["post-4747","post","type-post","status-publish","format-standard","has-post-thumbnail","hentry","category-institucional-gremial","category-noticias","category-portada"],"_links":{"self":[{"href":"https:\/\/caf.org.uy\/caf\/wp-json\/wp\/v2\/posts\/4747","targetHints":{"allow":["GET"]}}],"collection":[{"href":"https:\/\/caf.org.uy\/caf\/wp-json\/wp\/v2\/posts"}],"about":[{"href":"https:\/\/caf.org.uy\/caf\/wp-json\/wp\/v2\/types\/post"}],"author":[{"embeddable":true,"href":"https:\/\/caf.org.uy\/caf\/wp-json\/wp\/v2\/users\/5"}],"replies":[{"embeddable":true,"href":"https:\/\/caf.org.uy\/caf\/wp-json\/wp\/v2\/comments?post=4747"}],"version-history":[{"count":5,"href":"https:\/\/caf.org.uy\/caf\/wp-json\/wp\/v2\/posts\/4747\/revisions"}],"predecessor-version":[{"id":4790,"href":"https:\/\/caf.org.uy\/caf\/wp-json\/wp\/v2\/posts\/4747\/revisions\/4790"}],"wp:featuredmedia":[{"embeddable":true,"href":"https:\/\/caf.org.uy\/caf\/wp-json\/wp\/v2\/media\/4749"}],"wp:attachment":[{"href":"https:\/\/caf.org.uy\/caf\/wp-json\/wp\/v2\/media?parent=4747"}],"wp:term":[{"taxonomy":"category","embeddable":true,"href":"https:\/\/caf.org.uy\/caf\/wp-json\/wp\/v2\/categories?post=4747"},{"taxonomy":"post_tag","embeddable":true,"href":"https:\/\/caf.org.uy\/caf\/wp-json\/wp\/v2\/tags?post=4747"}],"curies":[{"name":"wp","href":"https:\/\/api.w.org\/{rel}","templated":true}]}}