{"id":4740,"date":"2017-05-15T19:45:01","date_gmt":"2017-05-15T19:45:01","guid":{"rendered":"https:\/\/caf.org.uy\/caf\/?p=4740"},"modified":"2017-05-22T17:14:53","modified_gmt":"2017-05-22T17:14:53","slug":"un-estilo-gremial-en-base-a-17-representaciones","status":"publish","type":"post","link":"https:\/\/caf.org.uy\/caf\/un-estilo-gremial-en-base-a-17-representaciones\/","title":{"rendered":"Fortaleciendo las 17 representaciones institucionales"},"content":{"rendered":"<p>\u00abCAF busca diferenciarse por su capacidad de aporte y seriedad al marcar un estilo gremial en base a propuestas\u00bb, plante\u00f3 Virginia San Mart\u00edn, presidenta de CAF, en la reuni\u00f3n del 15 de mayo, con los delegados institucionales y representantes de CAF en los diversos \u00e1mbitos de representaci\u00f3n gremial.<\/p>\n<p>Desde sus inicios CAF se constituy\u00f3 en un interlocutor del sector agropecuario del pa\u00eds, contribuyendo con una porte diferencial a trav\u00e9s de sus delegados en la institucionalidad cooperativa y agropecuaria. Esta estrategia fue la que se trabaj\u00f3 profundamente con los representantes, nivelando informaci\u00f3n sobre CAF, sus l\u00edneas gremiales y de desarrollo de sus empresas cooperativas asociadas. Pero fundamentalmente, fue una instancia para el intercambio sobre el rol, experiencias, m\u00e9todo de trabajo de cada delegado en sus institutos, expectativas en relaci\u00f3n a CAF, acord\u00e1ndose sobre el final de la reuni\u00f3n a dise\u00f1ar una forma de comunicaci\u00f3n y trabajo con la gremial, que fortalezca sus roles para contribuir al aporte de CAF a trav\u00e9s de dichas representaciones.<\/p>\n<p>Conozca a nuestros delegados institucionales aqu\u00ed\u00a0<a href=\"https:\/\/caf.org.uy\/caf\/?page_id=53\">https:\/\/caf.org.uy\/caf\/?page_id=53<\/a><\/p>\n<p><img fetchpriority=\"high\" decoding=\"async\" class=\"aligncenter size-large wp-image-4741\" src=\"https:\/\/caf.org.uy\/caf\/wp-content\/uploads\/2017\/05\/31429f72-2781-4ec6-afed-797603b30965-650x366.jpg\" alt=\"\" width=\"650\" height=\"366\" srcset=\"https:\/\/caf.org.uy\/caf\/wp-content\/uploads\/2017\/05\/31429f72-2781-4ec6-afed-797603b30965-650x366.jpg 650w, https:\/\/caf.org.uy\/caf\/wp-content\/uploads\/2017\/05\/31429f72-2781-4ec6-afed-797603b30965-420x236.jpg 420w, https:\/\/caf.org.uy\/caf\/wp-content\/uploads\/2017\/05\/31429f72-2781-4ec6-afed-797603b30965-768x432.jpg 768w, https:\/\/caf.org.uy\/caf\/wp-content\/uploads\/2017\/05\/31429f72-2781-4ec6-afed-797603b30965-1000x563.jpg 1000w, https:\/\/caf.org.uy\/caf\/wp-content\/uploads\/2017\/05\/31429f72-2781-4ec6-afed-797603b30965.jpg 1280w\" sizes=\"(max-width: 650px) 100vw, 650px\" \/><\/p>\n<p>&nbsp;<\/p>\n<p>&nbsp;<\/p>\n","protected":false},"excerpt":{"rendered":"<p>\u00abCAF busca diferenciarse por su capacidad de aporte y seriedad al marcar un estilo gremial en base a propuestas\u00bb, plante\u00f3 Virginia San Mart\u00edn, presidenta de CAF, en la reuni\u00f3n del &hellip; <a class=\"readmore\" href=\"https:\/\/caf.org.uy\/caf\/un-estilo-gremial-en-base-a-17-representaciones\/\">Seguir leyendo &rarr;<\/a><\/p>\n","protected":false},"author":5,"featured_media":4741,"comment_status":"open","ping_status":"closed","sticky":false,"template":"","format":"standard","meta":{"csbAdvScrollBarCursor":"","footnotes":""},"categories":[20,2,42],"tags":[],"class_list":["post-4740","post","type-post","status-publish","format-standard","has-post-thumbnail","hentry","category-institucional-gremial","category-noticias","category-portada"],"_links":{"self":[{"href":"https:\/\/caf.org.uy\/caf\/wp-json\/wp\/v2\/posts\/4740","targetHints":{"allow":["GET"]}}],"collection":[{"href":"https:\/\/caf.org.uy\/caf\/wp-json\/wp\/v2\/posts"}],"about":[{"href":"https:\/\/caf.org.uy\/caf\/wp-json\/wp\/v2\/types\/post"}],"author":[{"embeddable":true,"href":"https:\/\/caf.org.uy\/caf\/wp-json\/wp\/v2\/users\/5"}],"replies":[{"embeddable":true,"href":"https:\/\/caf.org.uy\/caf\/wp-json\/wp\/v2\/comments?post=4740"}],"version-history":[{"count":5,"href":"https:\/\/caf.org.uy\/caf\/wp-json\/wp\/v2\/posts\/4740\/revisions"}],"predecessor-version":[{"id":4789,"href":"https:\/\/caf.org.uy\/caf\/wp-json\/wp\/v2\/posts\/4740\/revisions\/4789"}],"wp:featuredmedia":[{"embeddable":true,"href":"https:\/\/caf.org.uy\/caf\/wp-json\/wp\/v2\/media\/4741"}],"wp:attachment":[{"href":"https:\/\/caf.org.uy\/caf\/wp-json\/wp\/v2\/media?parent=4740"}],"wp:term":[{"taxonomy":"category","embeddable":true,"href":"https:\/\/caf.org.uy\/caf\/wp-json\/wp\/v2\/categories?post=4740"},{"taxonomy":"post_tag","embeddable":true,"href":"https:\/\/caf.org.uy\/caf\/wp-json\/wp\/v2\/tags?post=4740"}],"curies":[{"name":"wp","href":"https:\/\/api.w.org\/{rel}","templated":true}]}}