{"id":4728,"date":"2017-05-08T17:49:16","date_gmt":"2017-05-08T17:49:16","guid":{"rendered":"https:\/\/caf.org.uy\/caf\/?p=4728"},"modified":"2017-05-08T17:49:16","modified_gmt":"2017-05-08T17:49:16","slug":"jumecal-recuerda-a-julio-pilar-de-la-cooperativa","status":"publish","type":"post","link":"https:\/\/caf.org.uy\/caf\/jumecal-recuerda-a-julio-pilar-de-la-cooperativa\/","title":{"rendered":"JUMECAL recuerda a Julio, pilar de la cooperativa"},"content":{"rendered":"<p>JUMECAL: El pasado domingo 23 de abril nos dejo Julio Berriolo.\u00a0 Nos tomo en plena actividad en la Expo Melilla, con la cooperativa como gran vidriera de la actividad productiva rural, como a \u00e9l le gust\u00f3 siempre que estuviera.<\/p>\n<p>Durante mas de 50 a\u00f1os Julio fu\u00e9 un enorme pilar para la cooperativa, que supo cuidar, defender y desarrollarla; fiel a su car\u00e1cter y moral nunca rehuyo de la responsabilidad de dirijirla.<\/p>\n<p>No nos dejo para siempre, su recuerdo, sus anecdotas y sus aventuras seguiran acompa\u00f1andonos. Su abuelo vino muy joven desde su Genova natal, su flia recalo en Brasil, \u00a0Julio nacio en Mvdeo, y cuando tenia solo 15 a\u00f1os se mudaron definitivamente a Melilla. Su actitud frente a la vida, los desafios que encaro, su tes\u00f3n, y vision para los negocios siempre lo acompa\u00f1o, en Melilla y en Brasil, aunque en el devenir de su vida supo de las buenas y de las malas.<\/p>\n<p>Su car\u00e1cter de aventurero lo llevo a hacer increibles experiencias como la plantacion de caf\u00e9 en Londrina,\u00a0 pionero de las exportaciones de peras a Sao Paulo, los trabajos con Holambra, Portobello, Fragole y con Jumecal en Porto Alegre, ense\u00f1ando como abrir las fronteras de nuestra producci\u00f3n.<\/p>\n<p>Su vida fue un constante ir y venir de Melilla a Brasil, y cada temporada era el inicio de una nueva aventura, dando lugar a un riquisimo anecdotario con exitos y fracasos pero todos enmarcados por su \u00a0enorme espiritu, fuerza moral, trabajo y\u00a0 alegria que se plasmaba en ense\u00f1anzas para quienes lo rodeaban.<\/p>\n<p>Jumecal tuvo el privilejio de contar con \u00e9l en sus filas, socio fundador, y lider de la actividad exportadora de la cooperativa. Supo ponerse al hombro a la cooperativa en varias oportunidades en tiempos dificiles, un verdadero pionero en la producci\u00f3n y exportacion de frutas, Julio abrio el camino y nos ense\u00f1o c\u00f3mo \u00a0nuestra mejor produccion fruticola\u00a0 terminaba en las gondolas de los grandes supermercados de Sao Paulo y en las centrales mayoristas.<\/p>\n<p>Melilla, 24 de Abril de 2017<\/p>\n","protected":false},"excerpt":{"rendered":"<p>JUMECAL: El pasado domingo 23 de abril nos dejo Julio Berriolo.\u00a0 Nos tomo en plena actividad en la Expo Melilla, con la cooperativa como gran vidriera de la actividad productiva &hellip; <a class=\"readmore\" href=\"https:\/\/caf.org.uy\/caf\/jumecal-recuerda-a-julio-pilar-de-la-cooperativa\/\">Seguir leyendo &rarr;<\/a><\/p>\n","protected":false},"author":5,"featured_media":4729,"comment_status":"open","ping_status":"closed","sticky":false,"template":"","format":"standard","meta":{"csbAdvScrollBarCursor":"","footnotes":""},"categories":[18,2,42],"tags":[],"class_list":["post-4728","post","type-post","status-publish","format-standard","has-post-thumbnail","hentry","category-cadenas-de-valor","category-noticias","category-portada"],"_links":{"self":[{"href":"https:\/\/caf.org.uy\/caf\/wp-json\/wp\/v2\/posts\/4728","targetHints":{"allow":["GET"]}}],"collection":[{"href":"https:\/\/caf.org.uy\/caf\/wp-json\/wp\/v2\/posts"}],"about":[{"href":"https:\/\/caf.org.uy\/caf\/wp-json\/wp\/v2\/types\/post"}],"author":[{"embeddable":true,"href":"https:\/\/caf.org.uy\/caf\/wp-json\/wp\/v2\/users\/5"}],"replies":[{"embeddable":true,"href":"https:\/\/caf.org.uy\/caf\/wp-json\/wp\/v2\/comments?post=4728"}],"version-history":[{"count":1,"href":"https:\/\/caf.org.uy\/caf\/wp-json\/wp\/v2\/posts\/4728\/revisions"}],"predecessor-version":[{"id":4730,"href":"https:\/\/caf.org.uy\/caf\/wp-json\/wp\/v2\/posts\/4728\/revisions\/4730"}],"wp:featuredmedia":[{"embeddable":true,"href":"https:\/\/caf.org.uy\/caf\/wp-json\/wp\/v2\/media\/4729"}],"wp:attachment":[{"href":"https:\/\/caf.org.uy\/caf\/wp-json\/wp\/v2\/media?parent=4728"}],"wp:term":[{"taxonomy":"category","embeddable":true,"href":"https:\/\/caf.org.uy\/caf\/wp-json\/wp\/v2\/categories?post=4728"},{"taxonomy":"post_tag","embeddable":true,"href":"https:\/\/caf.org.uy\/caf\/wp-json\/wp\/v2\/tags?post=4728"}],"curies":[{"name":"wp","href":"https:\/\/api.w.org\/{rel}","templated":true}]}}