{"id":4698,"date":"2017-04-28T21:22:53","date_gmt":"2017-04-28T21:22:53","guid":{"rendered":"https:\/\/caf.org.uy\/caf\/?p=4698"},"modified":"2017-04-28T21:25:15","modified_gmt":"2017-04-28T21:25:15","slug":"homenaje-a-los-trabajadores-de-las-cooperativas-agrarias","status":"publish","type":"post","link":"https:\/\/caf.org.uy\/caf\/homenaje-a-los-trabajadores-de-las-cooperativas-agrarias\/","title":{"rendered":"Homenaje a los 4000 trabajadores de las cooperativas agrarias!"},"content":{"rendered":"<p>Con entusiasmo, motivaci\u00f3n, alegr\u00eda, dedicaci\u00f3n y orgullo, as\u00ed trabajan los colaboradores de nuestras cooperativas agrarias y fomentos asociadas! M\u00e1s de 4000 trabajadores conformando equipos de gran desempe\u00f1o integran nuestra Red. Vaya nuestro homenaje y reconocimiento a todos ellos en el D\u00eda Internacional del Trabajador 2017.<\/p>\n<p><a href=\"https:\/\/www.youtube.com\/watch?v=LeptA_8UjDA&amp;feature=youtu.be\" target=\"_blank\" rel=\"noopener noreferrer\"><img fetchpriority=\"high\" decoding=\"async\" class=\"aligncenter wp-image-4699 size-large\" src=\"https:\/\/caf.org.uy\/caf\/wp-content\/uploads\/2017\/04\/youtube-caftv-saludo-homenaje-dia-trabajador-2017-650x448.jpg\" alt=\"\" width=\"650\" height=\"448\" srcset=\"https:\/\/caf.org.uy\/caf\/wp-content\/uploads\/2017\/04\/youtube-caftv-saludo-homenaje-dia-trabajador-2017-650x448.jpg 650w, https:\/\/caf.org.uy\/caf\/wp-content\/uploads\/2017\/04\/youtube-caftv-saludo-homenaje-dia-trabajador-2017-420x289.jpg 420w, https:\/\/caf.org.uy\/caf\/wp-content\/uploads\/2017\/04\/youtube-caftv-saludo-homenaje-dia-trabajador-2017-768x529.jpg 768w, https:\/\/caf.org.uy\/caf\/wp-content\/uploads\/2017\/04\/youtube-caftv-saludo-homenaje-dia-trabajador-2017.jpg 782w\" sizes=\"(max-width: 650px) 100vw, 650px\" \/><\/a><\/p>\n<p>&nbsp;<\/p>\n<p>Ver video <a href=\"https:\/\/www.youtube.com\/watch?v=LeptA_8UjDA&amp;feature=youtu.be\" target=\"_blank\" rel=\"noopener noreferrer\">aqu\u00ed<\/a><\/p>\n","protected":false},"excerpt":{"rendered":"<p>Con entusiasmo, motivaci\u00f3n, alegr\u00eda, dedicaci\u00f3n y orgullo, as\u00ed trabajan los colaboradores de nuestras cooperativas agrarias y fomentos asociadas! M\u00e1s de 4000 trabajadores conformando equipos de gran desempe\u00f1o integran nuestra Red. &hellip; <a class=\"readmore\" href=\"https:\/\/caf.org.uy\/caf\/homenaje-a-los-trabajadores-de-las-cooperativas-agrarias\/\">Seguir leyendo &rarr;<\/a><\/p>\n","protected":false},"author":5,"featured_media":4699,"comment_status":"open","ping_status":"closed","sticky":false,"template":"","format":"standard","meta":{"csbAdvScrollBarCursor":"","footnotes":""},"categories":[20,2,42],"tags":[],"class_list":["post-4698","post","type-post","status-publish","format-standard","has-post-thumbnail","hentry","category-institucional-gremial","category-noticias","category-portada"],"_links":{"self":[{"href":"https:\/\/caf.org.uy\/caf\/wp-json\/wp\/v2\/posts\/4698","targetHints":{"allow":["GET"]}}],"collection":[{"href":"https:\/\/caf.org.uy\/caf\/wp-json\/wp\/v2\/posts"}],"about":[{"href":"https:\/\/caf.org.uy\/caf\/wp-json\/wp\/v2\/types\/post"}],"author":[{"embeddable":true,"href":"https:\/\/caf.org.uy\/caf\/wp-json\/wp\/v2\/users\/5"}],"replies":[{"embeddable":true,"href":"https:\/\/caf.org.uy\/caf\/wp-json\/wp\/v2\/comments?post=4698"}],"version-history":[{"count":3,"href":"https:\/\/caf.org.uy\/caf\/wp-json\/wp\/v2\/posts\/4698\/revisions"}],"predecessor-version":[{"id":4702,"href":"https:\/\/caf.org.uy\/caf\/wp-json\/wp\/v2\/posts\/4698\/revisions\/4702"}],"wp:featuredmedia":[{"embeddable":true,"href":"https:\/\/caf.org.uy\/caf\/wp-json\/wp\/v2\/media\/4699"}],"wp:attachment":[{"href":"https:\/\/caf.org.uy\/caf\/wp-json\/wp\/v2\/media?parent=4698"}],"wp:term":[{"taxonomy":"category","embeddable":true,"href":"https:\/\/caf.org.uy\/caf\/wp-json\/wp\/v2\/categories?post=4698"},{"taxonomy":"post_tag","embeddable":true,"href":"https:\/\/caf.org.uy\/caf\/wp-json\/wp\/v2\/tags?post=4698"}],"curies":[{"name":"wp","href":"https:\/\/api.w.org\/{rel}","templated":true}]}}