{"id":4686,"date":"2017-04-28T13:45:19","date_gmt":"2017-04-28T13:45:19","guid":{"rendered":"https:\/\/caf.org.uy\/caf\/?p=4686"},"modified":"2017-05-22T17:42:40","modified_gmt":"2017-05-22T17:42:40","slug":"mano-a-mano-entre-caf-y-federico-montes-de-servicios-agricolas","status":"publish","type":"post","link":"https:\/\/caf.org.uy\/caf\/mano-a-mano-entre-caf-y-federico-montes-de-servicios-agricolas\/","title":{"rendered":"Mano a mano entre CAF y Federico Montes de Servicios Agr\u00edcolas"},"content":{"rendered":"<p>El Protocolo de soja firmado con China y los desaf\u00edos de su implementaci\u00f3n fueron los principales temas que trataron las autoridades de CAF junto a un grupo de cooperativas agr\u00edcolas socias en la reunieron con Federico Montes, director de Servicios Agr\u00edcolas del Ministerio de Ganader\u00eda, que tuvo lugar el pasado lunes 24 de abril.<\/p>\n<p>Virginia San Martin, presidenta de CAF, dijo que este fue un \u00e1mbito propiciado por CAF invitando a las cooperativas socias que quisieran participar, en una reuni\u00f3n \u201cfranca y transparente\u201d, en tanto en un clima de incertidumbre y ansiedad, donde se estaban agregando factores externos, que confund\u00edan, \u201cgeneramos la oportunidad con el Ministerio de Ganader\u00eda, para dialogar mano a manos no sobre si estuvo bien o mal el Protocolo, sino planteando que buscamos trabajar en conjunto con el Ministerio para atenuar las implicancias de la aplicaci\u00f3n del Protocolo\u201d. El Director de Servicios Agr\u00edcolas valor\u00f3 mucho el acercamiento de CAF y esta postura de la gremial.<\/p>\n<p>Virginia San Mart\u00edn resalt\u00f3 posterior a la reuni\u00f3n, que \u201clo que nos preocupa y as\u00ed lo manifestamos es el incremento de costos para los productores y las cooperativas en el desarrollo de la zafra que involucra un traspaso de responsabilidades, tambi\u00e9n incrementa los costos en el sector. Nos preocupa si esto puede influir en las perspectivas futuras del cultivo sabiendo que es el cultivo m\u00e1s rentable para el productor\u201d, puntualiz\u00f3.<\/p>\n<p>Participaron de la reuni\u00f3n por CAF: Virginia San Martin, presidenta, y Aparicio Hirschy, secretario. Y las cooperativas: COPAGRAN, CALSAL, UNION RURAL DE FLORES, ALCICO (Alianza de Cooperativas de Colonia integrada por CRADECO, SOFOVAL, SFR Colonia Suiza y COLAVECO), CALMER y CADOL.<\/p>\n<p>&nbsp;<\/p>\n","protected":false},"excerpt":{"rendered":"<p>El Protocolo de soja firmado con China y los desaf\u00edos de su implementaci\u00f3n fueron los principales temas que trataron las autoridades de CAF junto a un grupo de cooperativas agr\u00edcolas &hellip; <a class=\"readmore\" href=\"https:\/\/caf.org.uy\/caf\/mano-a-mano-entre-caf-y-federico-montes-de-servicios-agricolas\/\">Seguir leyendo &rarr;<\/a><\/p>\n","protected":false},"author":5,"featured_media":4687,"comment_status":"open","ping_status":"closed","sticky":false,"template":"","format":"standard","meta":{"csbAdvScrollBarCursor":"","footnotes":""},"categories":[18,2,42],"tags":[],"class_list":["post-4686","post","type-post","status-publish","format-standard","has-post-thumbnail","hentry","category-cadenas-de-valor","category-noticias","category-portada"],"_links":{"self":[{"href":"https:\/\/caf.org.uy\/caf\/wp-json\/wp\/v2\/posts\/4686","targetHints":{"allow":["GET"]}}],"collection":[{"href":"https:\/\/caf.org.uy\/caf\/wp-json\/wp\/v2\/posts"}],"about":[{"href":"https:\/\/caf.org.uy\/caf\/wp-json\/wp\/v2\/types\/post"}],"author":[{"embeddable":true,"href":"https:\/\/caf.org.uy\/caf\/wp-json\/wp\/v2\/users\/5"}],"replies":[{"embeddable":true,"href":"https:\/\/caf.org.uy\/caf\/wp-json\/wp\/v2\/comments?post=4686"}],"version-history":[{"count":3,"href":"https:\/\/caf.org.uy\/caf\/wp-json\/wp\/v2\/posts\/4686\/revisions"}],"predecessor-version":[{"id":4792,"href":"https:\/\/caf.org.uy\/caf\/wp-json\/wp\/v2\/posts\/4686\/revisions\/4792"}],"wp:featuredmedia":[{"embeddable":true,"href":"https:\/\/caf.org.uy\/caf\/wp-json\/wp\/v2\/media\/4687"}],"wp:attachment":[{"href":"https:\/\/caf.org.uy\/caf\/wp-json\/wp\/v2\/media?parent=4686"}],"wp:term":[{"taxonomy":"category","embeddable":true,"href":"https:\/\/caf.org.uy\/caf\/wp-json\/wp\/v2\/categories?post=4686"},{"taxonomy":"post_tag","embeddable":true,"href":"https:\/\/caf.org.uy\/caf\/wp-json\/wp\/v2\/tags?post=4686"}],"curies":[{"name":"wp","href":"https:\/\/api.w.org\/{rel}","templated":true}]}}