{"id":4652,"date":"2017-04-26T16:39:26","date_gmt":"2017-04-26T16:39:26","guid":{"rendered":"http:\/\/www.caf.org.uy\/site\/?p=4652"},"modified":"2017-04-26T16:39:26","modified_gmt":"2017-04-26T16:39:26","slug":"se-retorcieron-los-fierros-pero-no-la-voluntad","status":"publish","type":"post","link":"https:\/\/caf.org.uy\/caf\/se-retorcieron-los-fierros-pero-no-la-voluntad\/","title":{"rendered":"\u00abSe retorcieron los fierros pero no la voluntad\u00bb"},"content":{"rendered":"<p>Estas fueron las palabras del presidente de CADOL al ministro de Ganader\u00eda cuando un a\u00f1o atr\u00e1s los acompa\u00f1\u00f3 tras el evento clim\u00e1tico en Dolores. El viernes 21 de abril, CADOL junto a CAF, invitaron a la prensa y autoridades locales, acompa\u00f1\u00f3 el Intendente de Soriano y el Alcalde de Dolores, a una recorrida por las nuevas instalaciones de la cooperativa que desde setiembre de 2016 est\u00e1 en plena reconstrucci\u00f3n.<br \/>\nAcompa\u00f1aron la recorrida autoridades del BSE y Surco Seguros, empresas aseguradoras de la Cooperativa que hicieron posible el financiamiento de todas las instalaciones re construidas.\u00a0Las obras de reestructura b\u00e1sicamente tuvieron un costo de US$ 5,5 millones, habi\u00e9ndose solventado con fondos provenientes de los seguros que dispon\u00eda la cooperativa y que hab\u00edan sido actualizado dos a\u00f1os antes de la destrucci\u00f3n que provoc\u00f3 el tornado.<br \/>\nEl ministro Aguerre resalt\u00f3 que \u00abCadol tomo la decisi\u00f3n inteligente de gestionar los riesgos, cuando decidi\u00f3 tener un seguro por todas sus instalaciones. Esa visi\u00f3n empresarial y la voluntad emprendedora hizo la reconstrucci\u00f3n posible\u00bb, dijo el Ministro en su discurso de inicio a la recorrida.<br \/>\nPor su parte, Ra\u00fal Bert\u00f3n, presidente de CADOL, transmiti\u00f3 la seriedad, respeto y cautela con la que se est\u00e1n hoy presentando estos cambios, ya que no \u00abpodemos olvidarnos de que hubo muertes en nuestra ciudad a causa del tornado\u00bb. Y asegur\u00f3 que \u00absalimos a levantar la cooperativa con rabia despu\u00e9s del tornado y as\u00ed salimos adelante\u00bb.<br \/>\n\n\t\t<style type=\"text\/css\">\n\t\t\t#gallery-1 {\n\t\t\t\tmargin: auto;\n\t\t\t}\n\t\t\t#gallery-1 .gallery-item {\n\t\t\t\tfloat: left;\n\t\t\t\tmargin-top: 10px;\n\t\t\t\ttext-align: center;\n\t\t\t\twidth: 33%;\n\t\t\t}\n\t\t\t#gallery-1 img {\n\t\t\t\tborder: 2px solid #cfcfcf;\n\t\t\t}\n\t\t\t#gallery-1 .gallery-caption {\n\t\t\t\tmargin-left: 0;\n\t\t\t}\n\t\t\t\/* see gallery_shortcode() in wp-includes\/media.php *\/\n\t\t<\/style>\n\t\t<div id='gallery-1' class='gallery galleryid-4652 gallery-columns-3 gallery-size-thumbnail'><dl class='gallery-item'>\n\t\t\t<dt class='gallery-icon portrait'>\n\t\t\t\t<a href='https:\/\/caf.org.uy\/caf\/18011182_1928456983847228_7965310161578954377_n\/'><img decoding=\"async\" width=\"230\" height=\"170\" src=\"https:\/\/caf.org.uy\/caf\/wp-content\/uploads\/2017\/04\/18011182_1928456983847228_7965310161578954377_n-230x170.jpg\" class=\"attachment-thumbnail size-thumbnail\" alt=\"\" \/><\/a>\n\t\t\t<\/dt><\/dl><dl class='gallery-item'>\n\t\t\t<dt class='gallery-icon landscape'>\n\t\t\t\t<a href='https:\/\/caf.org.uy\/caf\/18057150_1928456663847260_2747238203690935257_n\/'><img decoding=\"async\" width=\"230\" height=\"170\" src=\"https:\/\/caf.org.uy\/caf\/wp-content\/uploads\/2017\/04\/18057150_1928456663847260_2747238203690935257_n-230x170.jpg\" class=\"attachment-thumbnail size-thumbnail\" alt=\"\" \/><\/a>\n\t\t\t<\/dt><\/dl><dl class='gallery-item'>\n\t\t\t<dt class='gallery-icon landscape'>\n\t\t\t\t<a href='https:\/\/caf.org.uy\/caf\/18057657_1928456847180575_3641373371866366498_n\/'><img decoding=\"async\" width=\"230\" height=\"170\" src=\"https:\/\/caf.org.uy\/caf\/wp-content\/uploads\/2017\/04\/18057657_1928456847180575_3641373371866366498_n-230x170.jpg\" class=\"attachment-thumbnail size-thumbnail\" alt=\"\" \/><\/a>\n\t\t\t<\/dt><\/dl><br style=\"clear: both\" \/>\n\t\t<\/div>\n<br \/>\n&nbsp;<br \/>\n&nbsp;<\/p>\n","protected":false},"excerpt":{"rendered":"<p>Estas fueron las palabras del presidente de CADOL al ministro de Ganader\u00eda cuando un a\u00f1o atr\u00e1s los acompa\u00f1\u00f3 tras el evento clim\u00e1tico en Dolores. El viernes 21 de abril, CADOL &hellip; <a class=\"readmore\" href=\"https:\/\/caf.org.uy\/caf\/se-retorcieron-los-fierros-pero-no-la-voluntad\/\">Seguir leyendo &rarr;<\/a><\/p>\n","protected":false},"author":1,"featured_media":4653,"comment_status":"open","ping_status":"closed","sticky":false,"template":"","format":"standard","meta":{"csbAdvScrollBarCursor":"","footnotes":""},"categories":[20,2,42],"tags":[],"class_list":["post-4652","post","type-post","status-publish","format-standard","has-post-thumbnail","hentry","category-institucional-gremial","category-noticias","category-portada"],"_links":{"self":[{"href":"https:\/\/caf.org.uy\/caf\/wp-json\/wp\/v2\/posts\/4652","targetHints":{"allow":["GET"]}}],"collection":[{"href":"https:\/\/caf.org.uy\/caf\/wp-json\/wp\/v2\/posts"}],"about":[{"href":"https:\/\/caf.org.uy\/caf\/wp-json\/wp\/v2\/types\/post"}],"author":[{"embeddable":true,"href":"https:\/\/caf.org.uy\/caf\/wp-json\/wp\/v2\/users\/1"}],"replies":[{"embeddable":true,"href":"https:\/\/caf.org.uy\/caf\/wp-json\/wp\/v2\/comments?post=4652"}],"version-history":[{"count":0,"href":"https:\/\/caf.org.uy\/caf\/wp-json\/wp\/v2\/posts\/4652\/revisions"}],"wp:featuredmedia":[{"embeddable":true,"href":"https:\/\/caf.org.uy\/caf\/wp-json\/wp\/v2\/media\/4653"}],"wp:attachment":[{"href":"https:\/\/caf.org.uy\/caf\/wp-json\/wp\/v2\/media?parent=4652"}],"wp:term":[{"taxonomy":"category","embeddable":true,"href":"https:\/\/caf.org.uy\/caf\/wp-json\/wp\/v2\/categories?post=4652"},{"taxonomy":"post_tag","embeddable":true,"href":"https:\/\/caf.org.uy\/caf\/wp-json\/wp\/v2\/tags?post=4652"}],"curies":[{"name":"wp","href":"https:\/\/api.w.org\/{rel}","templated":true}]}}