{"id":4623,"date":"2017-03-30T19:46:18","date_gmt":"2017-03-30T19:46:18","guid":{"rendered":"https:\/\/caf.org.uy\/caf\/?p=4623"},"modified":"2017-03-30T19:46:18","modified_gmt":"2017-03-30T19:46:18","slug":"dialogamos-con-ministro-sobre-protocolo-soja-a-china","status":"publish","type":"post","link":"https:\/\/caf.org.uy\/caf\/dialogamos-con-ministro-sobre-protocolo-soja-a-china\/","title":{"rendered":"Dialogamos con Ministro sobre Protocolo Soja a China"},"content":{"rendered":"<p>Convocados por el Ministro Tabar\u00e9 Aguerre, CAF particip\u00f3 de la reuni\u00f3n con el complejo sojero uruguayo, para hablar del Protocolo de Soja para exportar a China 2017. Virginia San Mart\u00edn, presidenta de CAF, dijo que fue una reuni\u00f3n \u00abmuy aclaratoria\u00bb y destac\u00f3 como todos los asistentes, la importancia de un encuentro de este tipo con informaci\u00f3n de primera mano.<\/p>\n<p>Participaron por el MGAP el Ministro Ing. Agr. Tabar\u00e9 Aguerre, Ing. Agr. Federico Montes de DGSA y \u00a0Sr. Rodolfo Camarosano de la Unidad de Asuntos Internacionales.<\/p>\n<p>Los integrantes de la cadena sojera estaban representado con delegaciones de ARU, FR, Asoc. Comerciantes de Granos, URF, Copagran, Calmer, Soc. Rural de Soriano, Mesa Tecnol\u00f3gica de Oleaginosos, Fucrea, CAF, Asociaci\u00f3n Agropecuaria de Dolores, Comercial de Granos, Operadores privados y OPYPA.<\/p>\n<p>Acceda aqu\u00ed a la documentaci\u00f3n vinculada al Protocolo y afines\u00a0https:\/\/caf.org.uy\/caf\/?p=4615<\/p>\n<p>&nbsp;<\/p>\n","protected":false},"excerpt":{"rendered":"<p>Convocados por el Ministro Tabar\u00e9 Aguerre, CAF particip\u00f3 de la reuni\u00f3n con el complejo sojero uruguayo, para hablar del Protocolo de Soja para exportar a China 2017. Virginia San Mart\u00edn, &hellip; <a class=\"readmore\" href=\"https:\/\/caf.org.uy\/caf\/dialogamos-con-ministro-sobre-protocolo-soja-a-china\/\">Seguir leyendo &rarr;<\/a><\/p>\n","protected":false},"author":5,"featured_media":4624,"comment_status":"open","ping_status":"closed","sticky":false,"template":"","format":"standard","meta":{"csbAdvScrollBarCursor":"","footnotes":""},"categories":[18,20,2,42],"tags":[],"class_list":["post-4623","post","type-post","status-publish","format-standard","has-post-thumbnail","hentry","category-cadenas-de-valor","category-institucional-gremial","category-noticias","category-portada"],"_links":{"self":[{"href":"https:\/\/caf.org.uy\/caf\/wp-json\/wp\/v2\/posts\/4623","targetHints":{"allow":["GET"]}}],"collection":[{"href":"https:\/\/caf.org.uy\/caf\/wp-json\/wp\/v2\/posts"}],"about":[{"href":"https:\/\/caf.org.uy\/caf\/wp-json\/wp\/v2\/types\/post"}],"author":[{"embeddable":true,"href":"https:\/\/caf.org.uy\/caf\/wp-json\/wp\/v2\/users\/5"}],"replies":[{"embeddable":true,"href":"https:\/\/caf.org.uy\/caf\/wp-json\/wp\/v2\/comments?post=4623"}],"version-history":[{"count":1,"href":"https:\/\/caf.org.uy\/caf\/wp-json\/wp\/v2\/posts\/4623\/revisions"}],"predecessor-version":[{"id":4625,"href":"https:\/\/caf.org.uy\/caf\/wp-json\/wp\/v2\/posts\/4623\/revisions\/4625"}],"wp:featuredmedia":[{"embeddable":true,"href":"https:\/\/caf.org.uy\/caf\/wp-json\/wp\/v2\/media\/4624"}],"wp:attachment":[{"href":"https:\/\/caf.org.uy\/caf\/wp-json\/wp\/v2\/media?parent=4623"}],"wp:term":[{"taxonomy":"category","embeddable":true,"href":"https:\/\/caf.org.uy\/caf\/wp-json\/wp\/v2\/categories?post=4623"},{"taxonomy":"post_tag","embeddable":true,"href":"https:\/\/caf.org.uy\/caf\/wp-json\/wp\/v2\/tags?post=4623"}],"curies":[{"name":"wp","href":"https:\/\/api.w.org\/{rel}","templated":true}]}}