{"id":4607,"date":"2017-03-17T15:51:17","date_gmt":"2017-03-17T15:51:17","guid":{"rendered":"http:\/\/www.caf.org.uy\/site\/?p=4607"},"modified":"2017-03-17T15:51:17","modified_gmt":"2017-03-17T15:51:17","slug":"calmer-food-se-esta-incubando","status":"publish","type":"post","link":"https:\/\/caf.org.uy\/caf\/calmer-food-se-esta-incubando\/","title":{"rendered":"CALMER Food se est\u00e1 incubando!"},"content":{"rendered":"<p>CALMER Food es una nueva unidad de negocios para valorizar los granos forrajeros y subproductos de la planta de silos de la cooperativa agraria de Mercedes CALMER. Nuestra socia, se present\u00f3 en el a\u00f1o 2016 a los llamados de Incubacoop y qued\u00f3 seleccionada. En este momento se encuentra desarrollando su iniciativa.<br \/>\nEl objetivo de esta cooperativa es la valorizaci\u00f3n de los granos forrajeros producidos por los socios y\/o clientes de CALMER y los subproductos generados en la Planta. Para brindar un servicio integral y profesional de alimentaci\u00f3n del ganado, deben contar con dos plataformas inform\u00e1ticas: por un lado un software de Gerenciamiento de Relaci\u00f3n con Clientes, CRM, y otro de Nutrici\u00f3n ANimal.<br \/>\nFelicitaciones a nuestra socia CALMER y sus j\u00f3venes involucrados por esta iniciativa!<\/p>\n","protected":false},"excerpt":{"rendered":"<p>CALMER Food es una nueva unidad de negocios para valorizar los granos forrajeros y subproductos de la planta de silos de la cooperativa agraria de Mercedes CALMER. Nuestra socia, se &hellip; <a class=\"readmore\" href=\"https:\/\/caf.org.uy\/caf\/calmer-food-se-esta-incubando\/\">Seguir leyendo &rarr;<\/a><\/p>\n","protected":false},"author":1,"featured_media":4608,"comment_status":"open","ping_status":"closed","sticky":false,"template":"","format":"standard","meta":{"csbAdvScrollBarCursor":"","footnotes":""},"categories":[18,2,42],"tags":[],"class_list":["post-4607","post","type-post","status-publish","format-standard","has-post-thumbnail","hentry","category-cadenas-de-valor","category-noticias","category-portada"],"_links":{"self":[{"href":"https:\/\/caf.org.uy\/caf\/wp-json\/wp\/v2\/posts\/4607","targetHints":{"allow":["GET"]}}],"collection":[{"href":"https:\/\/caf.org.uy\/caf\/wp-json\/wp\/v2\/posts"}],"about":[{"href":"https:\/\/caf.org.uy\/caf\/wp-json\/wp\/v2\/types\/post"}],"author":[{"embeddable":true,"href":"https:\/\/caf.org.uy\/caf\/wp-json\/wp\/v2\/users\/1"}],"replies":[{"embeddable":true,"href":"https:\/\/caf.org.uy\/caf\/wp-json\/wp\/v2\/comments?post=4607"}],"version-history":[{"count":0,"href":"https:\/\/caf.org.uy\/caf\/wp-json\/wp\/v2\/posts\/4607\/revisions"}],"wp:featuredmedia":[{"embeddable":true,"href":"https:\/\/caf.org.uy\/caf\/wp-json\/wp\/v2\/media\/4608"}],"wp:attachment":[{"href":"https:\/\/caf.org.uy\/caf\/wp-json\/wp\/v2\/media?parent=4607"}],"wp:term":[{"taxonomy":"category","embeddable":true,"href":"https:\/\/caf.org.uy\/caf\/wp-json\/wp\/v2\/categories?post=4607"},{"taxonomy":"post_tag","embeddable":true,"href":"https:\/\/caf.org.uy\/caf\/wp-json\/wp\/v2\/tags?post=4607"}],"curies":[{"name":"wp","href":"https:\/\/api.w.org\/{rel}","templated":true}]}}