{"id":4604,"date":"2017-03-17T15:46:17","date_gmt":"2017-03-17T15:46:17","guid":{"rendered":"https:\/\/caf.org.uy\/caf\/?p=4604"},"modified":"2017-03-17T15:46:17","modified_gmt":"2017-03-17T15:46:17","slug":"incubacoop-lanzo-segundo-llamado-a-formar-cooperativas-de-base-tecnologica","status":"publish","type":"post","link":"https:\/\/caf.org.uy\/caf\/incubacoop-lanzo-segundo-llamado-a-formar-cooperativas-de-base-tecnologica\/","title":{"rendered":"Incubacoop lanz\u00f3 segundo llamado a formar cooperativas de base tecnol\u00f3gica"},"content":{"rendered":"<p>Est\u00e1 dirigido a grupos pre cooperativos o cooperativos de todo el pa\u00eds, que est\u00e9n en una etapa de fase inicial de dise\u00f1o de proyectos organizacionales en las siguientes \u00e1reas:<\/p>\n<p>Ciencias de la vida (biotecnolog\u00eda, tecnolog\u00eda alimentaria, qu\u00edmica fina, nanotecnolog\u00eda, farmacia, etc.<\/p>\n<p>Tecnolog\u00edas de la informaci\u00f3n y la comunicaci\u00f3n (inform\u00e1tica, audiovisual, rob\u00f3tica, electr\u00f3nica, automatizaci\u00f3n de procesos, etc.)<\/p>\n<p>Dise\u00f1o (industrial, gr\u00e1fico, mobiliario, indumentaria, etc.)<\/p>\n<p>Metal-Mec\u00e1nica (principalmente fabricaci\u00f3n de equipos y partes)<\/p>\n<p>Ciencias del Ambiente (tratamiento de aguas, control de calidad del aire, control de suelos y an\u00e1lisis agrot\u00f3xicos, biodiversidad, gesti\u00f3n de residuos, meteorolog\u00eda, entre otros).<\/p>\n<p>Los proyectos presentados deber\u00e1n tener potencial para establecer encadenamiento productivo. Tambi\u00e9n deben contar con grado moderado a alto de innovaci\u00f3n y de incorporaci\u00f3n tecnol\u00f3gica y\/o conocimiento. Se trata de iniciativas que generen conocimientos aplicables y viables a mediano plazo.<\/p>\n<p>Las bases del llamado y formulario de postulaci\u00f3n disponibles en <a href=\"http:\/\/www.incubacoop.org.uy\">www.incubacoop.org.uy<\/a><\/p>\n<p>Consultas 29029355<\/p>\n<p>Una iniciativa de CUDECOOP, INACOOP, MIEM<\/p>\n","protected":false},"excerpt":{"rendered":"<p>Est\u00e1 dirigido a grupos pre cooperativos o cooperativos de todo el pa\u00eds, que est\u00e9n en una etapa de fase inicial de dise\u00f1o de proyectos organizacionales en las siguientes \u00e1reas: Ciencias &hellip; <a class=\"readmore\" href=\"https:\/\/caf.org.uy\/caf\/incubacoop-lanzo-segundo-llamado-a-formar-cooperativas-de-base-tecnologica\/\">Seguir leyendo &rarr;<\/a><\/p>\n","protected":false},"author":5,"featured_media":4605,"comment_status":"open","ping_status":"closed","sticky":false,"template":"","format":"standard","meta":{"csbAdvScrollBarCursor":"","footnotes":""},"categories":[18,2,42],"tags":[],"class_list":["post-4604","post","type-post","status-publish","format-standard","has-post-thumbnail","hentry","category-cadenas-de-valor","category-noticias","category-portada"],"_links":{"self":[{"href":"https:\/\/caf.org.uy\/caf\/wp-json\/wp\/v2\/posts\/4604","targetHints":{"allow":["GET"]}}],"collection":[{"href":"https:\/\/caf.org.uy\/caf\/wp-json\/wp\/v2\/posts"}],"about":[{"href":"https:\/\/caf.org.uy\/caf\/wp-json\/wp\/v2\/types\/post"}],"author":[{"embeddable":true,"href":"https:\/\/caf.org.uy\/caf\/wp-json\/wp\/v2\/users\/5"}],"replies":[{"embeddable":true,"href":"https:\/\/caf.org.uy\/caf\/wp-json\/wp\/v2\/comments?post=4604"}],"version-history":[{"count":1,"href":"https:\/\/caf.org.uy\/caf\/wp-json\/wp\/v2\/posts\/4604\/revisions"}],"predecessor-version":[{"id":4606,"href":"https:\/\/caf.org.uy\/caf\/wp-json\/wp\/v2\/posts\/4604\/revisions\/4606"}],"wp:featuredmedia":[{"embeddable":true,"href":"https:\/\/caf.org.uy\/caf\/wp-json\/wp\/v2\/media\/4605"}],"wp:attachment":[{"href":"https:\/\/caf.org.uy\/caf\/wp-json\/wp\/v2\/media?parent=4604"}],"wp:term":[{"taxonomy":"category","embeddable":true,"href":"https:\/\/caf.org.uy\/caf\/wp-json\/wp\/v2\/categories?post=4604"},{"taxonomy":"post_tag","embeddable":true,"href":"https:\/\/caf.org.uy\/caf\/wp-json\/wp\/v2\/tags?post=4604"}],"curies":[{"name":"wp","href":"https:\/\/api.w.org\/{rel}","templated":true}]}}