{"id":4593,"date":"2017-03-16T21:00:53","date_gmt":"2017-03-16T21:00:53","guid":{"rendered":"https:\/\/caf.org.uy\/caf\/?p=4593"},"modified":"2017-03-16T21:00:53","modified_gmt":"2017-03-16T21:00:53","slug":"de-recorrida-por-expoactiva-2017","status":"publish","type":"post","link":"https:\/\/caf.org.uy\/caf\/de-recorrida-por-expoactiva-2017\/","title":{"rendered":"De recorrida por ExpoActiva 2017"},"content":{"rendered":"<p>La mayor muestra agroindustrial del pa\u00eds est\u00e1 sucediendo por estos d\u00edas en Soriano y CAF est\u00e1 presente. Las cooperativas socias CADOL y CALMER tienen una carpa instalada donde est\u00e1n recibiendo al p\u00fablico, generando nuevos negocios y presentando sus propuestas de servicios. Los directivos de CAF han mantenido reuniones en ambas instalaciones. Adem\u00e1s se est\u00e1n llevando a cabo una serie de charlas en la que los directivos de CAF han participado. Virginia San Mart\u00edn (presidenta), Aparicio Hirschy (secretario), Pablo Waksman (tesorero) y Luis Frachia (gerente) siguen recorriendo la Expo Activa 2017.<\/p>\n\n\t\t<style type=\"text\/css\">\n\t\t\t#gallery-1 {\n\t\t\t\tmargin: auto;\n\t\t\t}\n\t\t\t#gallery-1 .gallery-item {\n\t\t\t\tfloat: left;\n\t\t\t\tmargin-top: 10px;\n\t\t\t\ttext-align: center;\n\t\t\t\twidth: 33%;\n\t\t\t}\n\t\t\t#gallery-1 img {\n\t\t\t\tborder: 2px solid #cfcfcf;\n\t\t\t}\n\t\t\t#gallery-1 .gallery-caption {\n\t\t\t\tmargin-left: 0;\n\t\t\t}\n\t\t\t\/* see gallery_shortcode() in wp-includes\/media.php *\/\n\t\t<\/style>\n\t\t<div id='gallery-1' class='gallery galleryid-4593 gallery-columns-3 gallery-size-thumbnail'><dl class='gallery-item'>\n\t\t\t<dt class='gallery-icon landscape'>\n\t\t\t\t<a href='https:\/\/caf.org.uy\/caf\/de-recorrida-por-expoactiva-2017\/8daeeaa3-800d-47e3-8e8f-e92329188676\/'><img decoding=\"async\" width=\"230\" height=\"170\" src=\"https:\/\/caf.org.uy\/caf\/wp-content\/uploads\/2017\/03\/8daeeaa3-800d-47e3-8e8f-e92329188676-230x170.jpg\" class=\"attachment-thumbnail size-thumbnail\" alt=\"\" \/><\/a>\n\t\t\t<\/dt><\/dl><dl class='gallery-item'>\n\t\t\t<dt class='gallery-icon landscape'>\n\t\t\t\t<a href='https:\/\/caf.org.uy\/caf\/de-recorrida-por-expoactiva-2017\/15c603bb-8d1c-402f-9b52-bb9832f060dc\/'><img decoding=\"async\" width=\"230\" height=\"170\" src=\"https:\/\/caf.org.uy\/caf\/wp-content\/uploads\/2017\/03\/15c603bb-8d1c-402f-9b52-bb9832f060dc-230x170.jpg\" class=\"attachment-thumbnail size-thumbnail\" alt=\"\" \/><\/a>\n\t\t\t<\/dt><\/dl><dl class='gallery-item'>\n\t\t\t<dt class='gallery-icon portrait'>\n\t\t\t\t<a href='https:\/\/caf.org.uy\/caf\/de-recorrida-por-expoactiva-2017\/58a4d00a-82ef-4f98-b5cd-007e194b6304\/'><img decoding=\"async\" width=\"230\" height=\"170\" src=\"https:\/\/caf.org.uy\/caf\/wp-content\/uploads\/2017\/03\/58a4d00a-82ef-4f98-b5cd-007e194b6304-230x170.jpg\" class=\"attachment-thumbnail size-thumbnail\" alt=\"\" \/><\/a>\n\t\t\t<\/dt><\/dl><br style=\"clear: both\" \/><dl class='gallery-item'>\n\t\t\t<dt class='gallery-icon landscape'>\n\t\t\t\t<a href='https:\/\/caf.org.uy\/caf\/de-recorrida-por-expoactiva-2017\/cadol-expoactiva\/'><img loading=\"lazy\" decoding=\"async\" width=\"230\" height=\"170\" src=\"https:\/\/caf.org.uy\/caf\/wp-content\/uploads\/2017\/03\/cadol-expoactiva-230x170.jpg\" class=\"attachment-thumbnail size-thumbnail\" alt=\"\" \/><\/a>\n\t\t\t<\/dt><\/dl><dl class='gallery-item'>\n\t\t\t<dt class='gallery-icon portrait'>\n\t\t\t\t<a href='https:\/\/caf.org.uy\/caf\/de-recorrida-por-expoactiva-2017\/calmer-expoactiva1\/'><img loading=\"lazy\" decoding=\"async\" width=\"230\" height=\"170\" src=\"https:\/\/caf.org.uy\/caf\/wp-content\/uploads\/2017\/03\/calmer-expoactiva1-230x170.jpg\" class=\"attachment-thumbnail size-thumbnail\" alt=\"\" \/><\/a>\n\t\t\t<\/dt><\/dl><dl class='gallery-item'>\n\t\t\t<dt class='gallery-icon landscape'>\n\t\t\t\t<a href='https:\/\/caf.org.uy\/caf\/de-recorrida-por-expoactiva-2017\/calmer-expoactiva2\/'><img loading=\"lazy\" decoding=\"async\" width=\"230\" height=\"170\" src=\"https:\/\/caf.org.uy\/caf\/wp-content\/uploads\/2017\/03\/calmer-expoactiva2-230x170.jpg\" class=\"attachment-thumbnail size-thumbnail\" alt=\"\" \/><\/a>\n\t\t\t<\/dt><\/dl><br style=\"clear: both\" \/><dl class='gallery-item'>\n\t\t\t<dt class='gallery-icon landscape'>\n\t\t\t\t<a href='https:\/\/caf.org.uy\/caf\/de-recorrida-por-expoactiva-2017\/expoactiva\/'><img loading=\"lazy\" decoding=\"async\" width=\"230\" height=\"170\" src=\"https:\/\/caf.org.uy\/caf\/wp-content\/uploads\/2017\/03\/expoactiva-230x170.jpg\" class=\"attachment-thumbnail size-thumbnail\" alt=\"\" \/><\/a>\n\t\t\t<\/dt><\/dl><dl class='gallery-item'>\n\t\t\t<dt class='gallery-icon landscape'>\n\t\t\t\t<a href='https:\/\/caf.org.uy\/caf\/de-recorrida-por-expoactiva-2017\/expoactiva2\/'><img loading=\"lazy\" decoding=\"async\" width=\"230\" height=\"170\" src=\"https:\/\/caf.org.uy\/caf\/wp-content\/uploads\/2017\/03\/expoactiva2-230x170.jpg\" class=\"attachment-thumbnail size-thumbnail\" alt=\"\" \/><\/a>\n\t\t\t<\/dt><\/dl>\n\t\t\t<br style='clear: both' \/>\n\t\t<\/div>\n\n","protected":false},"excerpt":{"rendered":"<p>La mayor muestra agroindustrial del pa\u00eds est\u00e1 sucediendo por estos d\u00edas en Soriano y CAF est\u00e1 presente. Las cooperativas socias CADOL y CALMER tienen una carpa instalada donde est\u00e1n recibiendo &hellip; <a class=\"readmore\" href=\"https:\/\/caf.org.uy\/caf\/de-recorrida-por-expoactiva-2017\/\">Seguir leyendo &rarr;<\/a><\/p>\n","protected":false},"author":5,"featured_media":4600,"comment_status":"open","ping_status":"closed","sticky":false,"template":"","format":"standard","meta":{"csbAdvScrollBarCursor":"","footnotes":""},"categories":[20,2,42],"tags":[],"class_list":["post-4593","post","type-post","status-publish","format-standard","has-post-thumbnail","hentry","category-institucional-gremial","category-noticias","category-portada"],"_links":{"self":[{"href":"https:\/\/caf.org.uy\/caf\/wp-json\/wp\/v2\/posts\/4593","targetHints":{"allow":["GET"]}}],"collection":[{"href":"https:\/\/caf.org.uy\/caf\/wp-json\/wp\/v2\/posts"}],"about":[{"href":"https:\/\/caf.org.uy\/caf\/wp-json\/wp\/v2\/types\/post"}],"author":[{"embeddable":true,"href":"https:\/\/caf.org.uy\/caf\/wp-json\/wp\/v2\/users\/5"}],"replies":[{"embeddable":true,"href":"https:\/\/caf.org.uy\/caf\/wp-json\/wp\/v2\/comments?post=4593"}],"version-history":[{"count":1,"href":"https:\/\/caf.org.uy\/caf\/wp-json\/wp\/v2\/posts\/4593\/revisions"}],"predecessor-version":[{"id":4602,"href":"https:\/\/caf.org.uy\/caf\/wp-json\/wp\/v2\/posts\/4593\/revisions\/4602"}],"wp:featuredmedia":[{"embeddable":true,"href":"https:\/\/caf.org.uy\/caf\/wp-json\/wp\/v2\/media\/4600"}],"wp:attachment":[{"href":"https:\/\/caf.org.uy\/caf\/wp-json\/wp\/v2\/media?parent=4593"}],"wp:term":[{"taxonomy":"category","embeddable":true,"href":"https:\/\/caf.org.uy\/caf\/wp-json\/wp\/v2\/categories?post=4593"},{"taxonomy":"post_tag","embeddable":true,"href":"https:\/\/caf.org.uy\/caf\/wp-json\/wp\/v2\/tags?post=4593"}],"curies":[{"name":"wp","href":"https:\/\/api.w.org\/{rel}","templated":true}]}}