{"id":4564,"date":"2017-03-15T14:45:49","date_gmt":"2017-03-15T14:45:49","guid":{"rendered":"https:\/\/caf.org.uy\/caf\/?p=4564"},"modified":"2017-03-15T20:53:08","modified_gmt":"2017-03-15T20:53:08","slug":"tenemos-que-ser-socios-en-erradicar-las-malas-practicas","status":"publish","type":"post","link":"https:\/\/caf.org.uy\/caf\/tenemos-que-ser-socios-en-erradicar-las-malas-practicas\/","title":{"rendered":"Tenemos que ser socios en erradicar las malas pr\u00e1cticas"},"content":{"rendered":"<p>Federico Montes, Director de Servicios Agr\u00edcolas del Ministerio de Ganader\u00eda, visit\u00f3 ayer al Consejo Directivo de CAF y plante\u00f3 como tema central el protocolo de soja acordado con China. En este sentido, Montes habl\u00f3 de las pol\u00edticas p\u00fablicas vinculadas a fortalecer la inocuidad y calidad de los granos que este a\u00f1o tendr\u00e1 un fuerte empuje y manifest\u00f3 en reiteradas ocasiones que \u00abtenemos que ser socios estrat\u00e9gicos &#8211; las cooperativas y el MGAP &#8211; para erradicar las malas pr\u00e1cticas\u00bb. Montes plante\u00f3 que se est\u00e1n desarrollando protocolos de trabajo y ajustando puntos cr\u00edticos que son relevantes a la hora de minimizar los riesgos de los env\u00edos a China y as\u00ed garantizar los procesos de trabajo. Montes aclar\u00f3 \u00abesto no significa m\u00e1s burocracia, por el contrario\u00bb.<\/p>\n<p>Se est\u00e1 avanzando tambi\u00e9n en el trabajo de formalizaci\u00f3n de las empresas controladoras\u00a0haciendo \u00e9nfasis en las plagas cuarentenarias de preocupaci\u00f3n para China como lo es el\u00a0Sorgo de Alepo.<\/p>\n<p>Montes mencion\u00f3 las iniciativas en torno a la inauguraci\u00f3n del laboratorio en Dolores que tiene un equipamiento de \u00faltima generaci\u00f3n y ayudar\u00e1 a cumplir el protocolo acordado con China.<\/p>\n<p>Finalmente, hizo hincapi\u00e9 en el Curso de Perito Recibidor de Granos que conjuntamente con CAF se est\u00e1 organizando y es estrat\u00e9gico para cumplir con las actuales pol\u00edticas p\u00fablicas encaminadas en este sentido.<\/p>\n<p><!--more--><\/p>\n","protected":false},"excerpt":{"rendered":"<p>Federico Montes, Director de Servicios Agr\u00edcolas del Ministerio de Ganader\u00eda, visit\u00f3 ayer al Consejo Directivo de CAF y plante\u00f3 como tema central el protocolo de soja acordado con China. En &hellip; <a class=\"readmore\" href=\"https:\/\/caf.org.uy\/caf\/tenemos-que-ser-socios-en-erradicar-las-malas-practicas\/\">Seguir leyendo &rarr;<\/a><\/p>\n","protected":false},"author":5,"featured_media":4566,"comment_status":"open","ping_status":"closed","sticky":false,"template":"","format":"standard","meta":{"csbAdvScrollBarCursor":"","footnotes":""},"categories":[18,20,2,42],"tags":[],"class_list":["post-4564","post","type-post","status-publish","format-standard","has-post-thumbnail","hentry","category-cadenas-de-valor","category-institucional-gremial","category-noticias","category-portada"],"_links":{"self":[{"href":"https:\/\/caf.org.uy\/caf\/wp-json\/wp\/v2\/posts\/4564","targetHints":{"allow":["GET"]}}],"collection":[{"href":"https:\/\/caf.org.uy\/caf\/wp-json\/wp\/v2\/posts"}],"about":[{"href":"https:\/\/caf.org.uy\/caf\/wp-json\/wp\/v2\/types\/post"}],"author":[{"embeddable":true,"href":"https:\/\/caf.org.uy\/caf\/wp-json\/wp\/v2\/users\/5"}],"replies":[{"embeddable":true,"href":"https:\/\/caf.org.uy\/caf\/wp-json\/wp\/v2\/comments?post=4564"}],"version-history":[{"count":4,"href":"https:\/\/caf.org.uy\/caf\/wp-json\/wp\/v2\/posts\/4564\/revisions"}],"predecessor-version":[{"id":4580,"href":"https:\/\/caf.org.uy\/caf\/wp-json\/wp\/v2\/posts\/4564\/revisions\/4580"}],"wp:featuredmedia":[{"embeddable":true,"href":"https:\/\/caf.org.uy\/caf\/wp-json\/wp\/v2\/media\/4566"}],"wp:attachment":[{"href":"https:\/\/caf.org.uy\/caf\/wp-json\/wp\/v2\/media?parent=4564"}],"wp:term":[{"taxonomy":"category","embeddable":true,"href":"https:\/\/caf.org.uy\/caf\/wp-json\/wp\/v2\/categories?post=4564"},{"taxonomy":"post_tag","embeddable":true,"href":"https:\/\/caf.org.uy\/caf\/wp-json\/wp\/v2\/tags?post=4564"}],"curies":[{"name":"wp","href":"https:\/\/api.w.org\/{rel}","templated":true}]}}