{"id":4508,"date":"2017-02-15T18:16:20","date_gmt":"2017-02-15T18:16:20","guid":{"rendered":"http:\/\/www.caf.org.uy\/site\/?p=4508"},"modified":"2017-02-15T18:16:20","modified_gmt":"2017-02-15T18:16:20","slug":"que-esta-pasando-en-los-distintos-rubros-de-las-cooperativas-granja-y-vitivinicultura","status":"publish","type":"post","link":"https:\/\/caf.org.uy\/caf\/que-esta-pasando-en-los-distintos-rubros-de-las-cooperativas-granja-y-vitivinicultura\/","title":{"rendered":"\u00bfQu\u00e9 est\u00e1 pasando en los distintos rubros de las cooperativas? Granja y vitivinicultura"},"content":{"rendered":"<p>Directivos de las cooperativas JUMECAL y CAVA informaron al Consejo Directivo de CAF sobre la situaci\u00f3n en los rubros de la granja y la vitivinicultura.<br \/>\n<em>Granja.<\/em> La situaci\u00f3n de la granja fue comentada por el directivo de JUMECAL, cooperativa de Melilla. Destac\u00f3 la producci\u00f3n excepcional de frutas, especialmente peras y manzanas, el excelente servicio de fr\u00edo que ofrece la cooperativa a los productores, e inform\u00f3 que este a\u00f1o su capacidad qued\u00f3 insuficiente,\u00a0 \u201cse est\u00e1 en plena construcci\u00f3n de una nueva c\u00e1mara que aliviar\u00e1 la situaci\u00f3n de las manzanas que se cosechan a \u00faltimo momento sobre fines de febrero\u201d. El directivo se\u00f1al\u00f3 \u201cnuestra cooperativa tiene el mejor servicio de fr\u00edo del pa\u00eds y eso repercute en un beneficio para los productores pero tambi\u00e9n para los consumidores ya que se conserva fruta por muchos meses en las mejores condiciones\u201d.<br \/>\nLa vitivinicultura tambi\u00e9n estuvo representada en la ronda de novedades. Directivo vinculado a la cooperativa CAVA, recientemente asociada a CAF, inform\u00f3 del crecimiento de la cooperativa, los apoyos que est\u00e1n recibiendo de OPP para profesionalizar su gesti\u00f3n y los contactos con cooperativas de Brasil para hacer nuevos negocios de exportaci\u00f3n.<br \/>\n<strong>Estas y otras cooperativas (ver nota aparte) pudieron dialogar y nivelar informaci\u00f3n en un Consejo que fue nutrido de representantes y temas que dieron a las autoridades de CAF un bagaje de informaci\u00f3n de primera mano que ser\u00e1 utilizada para cumplir su rol gremial y de fomento del desarrollo de sus organizaciones socias.<\/strong><\/p>\n","protected":false},"excerpt":{"rendered":"<p>Directivos de las cooperativas JUMECAL y CAVA informaron al Consejo Directivo de CAF sobre la situaci\u00f3n en los rubros de la granja y la vitivinicultura. Granja. La situaci\u00f3n de la &hellip; <a class=\"readmore\" href=\"https:\/\/caf.org.uy\/caf\/que-esta-pasando-en-los-distintos-rubros-de-las-cooperativas-granja-y-vitivinicultura\/\">Seguir leyendo &rarr;<\/a><\/p>\n","protected":false},"author":1,"featured_media":4509,"comment_status":"open","ping_status":"closed","sticky":false,"template":"","format":"standard","meta":{"csbAdvScrollBarCursor":"","footnotes":""},"categories":[18,2,42],"tags":[],"class_list":["post-4508","post","type-post","status-publish","format-standard","has-post-thumbnail","hentry","category-cadenas-de-valor","category-noticias","category-portada"],"_links":{"self":[{"href":"https:\/\/caf.org.uy\/caf\/wp-json\/wp\/v2\/posts\/4508","targetHints":{"allow":["GET"]}}],"collection":[{"href":"https:\/\/caf.org.uy\/caf\/wp-json\/wp\/v2\/posts"}],"about":[{"href":"https:\/\/caf.org.uy\/caf\/wp-json\/wp\/v2\/types\/post"}],"author":[{"embeddable":true,"href":"https:\/\/caf.org.uy\/caf\/wp-json\/wp\/v2\/users\/1"}],"replies":[{"embeddable":true,"href":"https:\/\/caf.org.uy\/caf\/wp-json\/wp\/v2\/comments?post=4508"}],"version-history":[{"count":0,"href":"https:\/\/caf.org.uy\/caf\/wp-json\/wp\/v2\/posts\/4508\/revisions"}],"wp:featuredmedia":[{"embeddable":true,"href":"https:\/\/caf.org.uy\/caf\/wp-json\/wp\/v2\/media\/4509"}],"wp:attachment":[{"href":"https:\/\/caf.org.uy\/caf\/wp-json\/wp\/v2\/media?parent=4508"}],"wp:term":[{"taxonomy":"category","embeddable":true,"href":"https:\/\/caf.org.uy\/caf\/wp-json\/wp\/v2\/categories?post=4508"},{"taxonomy":"post_tag","embeddable":true,"href":"https:\/\/caf.org.uy\/caf\/wp-json\/wp\/v2\/tags?post=4508"}],"curies":[{"name":"wp","href":"https:\/\/api.w.org\/{rel}","templated":true}]}}