{"id":4504,"date":"2017-02-15T18:12:53","date_gmt":"2017-02-15T18:12:53","guid":{"rendered":"http:\/\/www.caf.org.uy\/site\/?p=4504"},"modified":"2017-02-15T18:12:53","modified_gmt":"2017-02-15T18:12:53","slug":"que-esta-pasando-en-los-distintos-rubros-de-las-cooperativas-lanas-y-ganaderia","status":"publish","type":"post","link":"https:\/\/caf.org.uy\/caf\/que-esta-pasando-en-los-distintos-rubros-de-las-cooperativas-lanas-y-ganaderia\/","title":{"rendered":"\u00bfQu\u00e9 est\u00e1 pasando en los distintos rubros de las cooperativas? Lanas y ganader\u00eda"},"content":{"rendered":"<p><strong>El mercado de la lana y la situaci\u00f3n en ganader\u00eda fueron informados por directivos de CAF en el marco de su primer Consejo Directivo del a\u00f1o.<\/strong><br \/>\n<em>Lanas.<\/em>\u00a0Se informaron\u00a0sobre los mercados de la lana en relaci\u00f3n a Central Lanera \u00abEuropa sigue con una demanda razonable de lanas finas y Corriedale de buena calidad pero hay dificultades para colocar en China las lanas sin acondicionar\u00bb. Tambi\u00e9n se habl\u00f3 del Centro Tecnol\u00f3gico Ovino (CTO) que viene trabajando muy bien e incorporando a productores nuevos. Se\u00f1al\u00f3 que la inscripci\u00f3n para el Operativo Cordero Pesado viene bien.<br \/>\n<em>Ganader\u00eda.<\/em> Por su parte, el delegado por\u00a0CALIMA, inform\u00f3 de la situaci\u00f3n de la cooperativa con posterioridad al evento clim\u00e1tico extremo que azot\u00f3 San Carlos el 23 de diciembre pasado. Una vez relevadas las necesidades de los productores afectados, se implementaron medidas de distinto tipo para apoyarlos \u00abpara los productores lecheros se solucion\u00f3 con fardos, para horticultores se recibi\u00f3 ayuda de microfinanzas a cinco a\u00f1os con un a\u00f1o de gracia hasta 12 mil d\u00f3lares, para productores ganaderos la ayuda fue de cr\u00e9ditos blandos con dos a\u00f1os de gracia hasta 5 mil d\u00f3lares\u00bb inform\u00f3.<br \/>\nCALAI de Aigu\u00e1, inform\u00f3 que los cultivos de sorgo vienen muy bien y en lo ganadero el proyecto \u201cAgregando Valor al Rubro Ovino\u201d del MGAP \u00abviene muy bien tambi\u00e9n\u00bb resalt\u00f3. Inform\u00f3 de cambios a nivel interno para mejorar la eficiencia de la cooperativa.<br \/>\n<strong>Estas y otras cooperativas (ver notas aparte) pudieron dialogar y nivelar informaci\u00f3n en un Consejo que fue nutrido de representantes y temas que dieron a las autoridades de CAF un bagaje de informaci\u00f3n de primera mano que ser\u00e1 utilizada para cumplir su rol gremial y de fomento del desarrollo de sus organizaciones socias.<\/strong><\/p>\n","protected":false},"excerpt":{"rendered":"<p>El mercado de la lana y la situaci\u00f3n en ganader\u00eda fueron informados por directivos de CAF en el marco de su primer Consejo Directivo del a\u00f1o. Lanas.\u00a0Se informaron\u00a0sobre los mercados &hellip; <a class=\"readmore\" href=\"https:\/\/caf.org.uy\/caf\/que-esta-pasando-en-los-distintos-rubros-de-las-cooperativas-lanas-y-ganaderia\/\">Seguir leyendo &rarr;<\/a><\/p>\n","protected":false},"author":1,"featured_media":3574,"comment_status":"open","ping_status":"closed","sticky":false,"template":"","format":"standard","meta":{"csbAdvScrollBarCursor":"","footnotes":""},"categories":[18,2,42],"tags":[],"class_list":["post-4504","post","type-post","status-publish","format-standard","has-post-thumbnail","hentry","category-cadenas-de-valor","category-noticias","category-portada"],"_links":{"self":[{"href":"https:\/\/caf.org.uy\/caf\/wp-json\/wp\/v2\/posts\/4504","targetHints":{"allow":["GET"]}}],"collection":[{"href":"https:\/\/caf.org.uy\/caf\/wp-json\/wp\/v2\/posts"}],"about":[{"href":"https:\/\/caf.org.uy\/caf\/wp-json\/wp\/v2\/types\/post"}],"author":[{"embeddable":true,"href":"https:\/\/caf.org.uy\/caf\/wp-json\/wp\/v2\/users\/1"}],"replies":[{"embeddable":true,"href":"https:\/\/caf.org.uy\/caf\/wp-json\/wp\/v2\/comments?post=4504"}],"version-history":[{"count":0,"href":"https:\/\/caf.org.uy\/caf\/wp-json\/wp\/v2\/posts\/4504\/revisions"}],"wp:featuredmedia":[{"embeddable":true,"href":"https:\/\/caf.org.uy\/caf\/wp-json\/wp\/v2\/media\/3574"}],"wp:attachment":[{"href":"https:\/\/caf.org.uy\/caf\/wp-json\/wp\/v2\/media?parent=4504"}],"wp:term":[{"taxonomy":"category","embeddable":true,"href":"https:\/\/caf.org.uy\/caf\/wp-json\/wp\/v2\/categories?post=4504"},{"taxonomy":"post_tag","embeddable":true,"href":"https:\/\/caf.org.uy\/caf\/wp-json\/wp\/v2\/tags?post=4504"}],"curies":[{"name":"wp","href":"https:\/\/api.w.org\/{rel}","templated":true}]}}