{"id":4498,"date":"2017-02-15T18:10:03","date_gmt":"2017-02-15T18:10:03","guid":{"rendered":"http:\/\/www.caf.org.uy\/site\/?p=4498"},"modified":"2017-02-15T18:10:03","modified_gmt":"2017-02-15T18:10:03","slug":"que-esta-pasando-en-los-distintos-rubros-de-las-cooperativas-lecheria-y-agricultura","status":"publish","type":"post","link":"https:\/\/caf.org.uy\/caf\/que-esta-pasando-en-los-distintos-rubros-de-las-cooperativas-lecheria-y-agricultura\/","title":{"rendered":"\u00bfQu\u00e9 est\u00e1 pasando en los distintos rubros de las cooperativas? Lecher\u00eda y Agricultura"},"content":{"rendered":"<p><strong>La situaci\u00f3n cr\u00edtica de la lecher\u00eda y la agricultura, las oportunidades en ganader\u00eda, los desaf\u00edos para la colocaci\u00f3n de lanas finas, las claves en la fruticultura y el sector vitivin\u00edcola fueron los puntos clave de intercambio entre productores dirigentes de las cooperativas socias de CAF en el marco de su primer Consejo Directivo del a\u00f1o.\u00a0<\/strong><br \/>\n<em>Lecher\u00eda.<\/em>\u00a0Directivos de\u00a0CONAPROLE refirieron a la situaci\u00f3n cr\u00edtica de los productores lecheros a pesar de la solidez de CONAPROLE.\u00a0El representante por SOFOVAL agreg\u00f3 informaci\u00f3n sobre la complicada y preocupante situaci\u00f3n de la lecher\u00eda y el endeudamiento del sector.<br \/>\n<em>Agricultura.<\/em> Por su parte COPAGRAN \u00a0inform\u00f3 complicaciones para el sector agr\u00edcola \u00ablos cultivos de invierno est\u00e1n complicados especialmente el trigo, el \u00e1rea de cebada bien pero se agotar\u00e1 en poco tiempo y no tenemos cultivos de inviernos competitivos\u00bb. Agreg\u00f3 que \u00abcreci\u00f3 algo la canola pero es un cultivo riesgoso\u00bb. Concluy\u00f3 que \u00abel rubro agr\u00edcola est\u00e1 bien complicado, solo lo salva que la soja subi\u00f3, y las buenas perspectivas enla pr\u00f3xima zafra, es \u00a0por lejos el \u00fanico cultivo competitivo. CALMER y CADOL tambi\u00e9n hicieron referencia a la situaci\u00f3n del sector agr\u00edcola.<\/p>\n","protected":false},"excerpt":{"rendered":"<p>La situaci\u00f3n cr\u00edtica de la lecher\u00eda y la agricultura, las oportunidades en ganader\u00eda, los desaf\u00edos para la colocaci\u00f3n de lanas finas, las claves en la fruticultura y el sector vitivin\u00edcola &hellip; <a class=\"readmore\" href=\"https:\/\/caf.org.uy\/caf\/que-esta-pasando-en-los-distintos-rubros-de-las-cooperativas-lecheria-y-agricultura\/\">Seguir leyendo &rarr;<\/a><\/p>\n","protected":false},"author":1,"featured_media":4499,"comment_status":"open","ping_status":"closed","sticky":false,"template":"","format":"standard","meta":{"csbAdvScrollBarCursor":"","footnotes":""},"categories":[18,2,42],"tags":[],"class_list":["post-4498","post","type-post","status-publish","format-standard","has-post-thumbnail","hentry","category-cadenas-de-valor","category-noticias","category-portada"],"_links":{"self":[{"href":"https:\/\/caf.org.uy\/caf\/wp-json\/wp\/v2\/posts\/4498","targetHints":{"allow":["GET"]}}],"collection":[{"href":"https:\/\/caf.org.uy\/caf\/wp-json\/wp\/v2\/posts"}],"about":[{"href":"https:\/\/caf.org.uy\/caf\/wp-json\/wp\/v2\/types\/post"}],"author":[{"embeddable":true,"href":"https:\/\/caf.org.uy\/caf\/wp-json\/wp\/v2\/users\/1"}],"replies":[{"embeddable":true,"href":"https:\/\/caf.org.uy\/caf\/wp-json\/wp\/v2\/comments?post=4498"}],"version-history":[{"count":0,"href":"https:\/\/caf.org.uy\/caf\/wp-json\/wp\/v2\/posts\/4498\/revisions"}],"wp:featuredmedia":[{"embeddable":true,"href":"https:\/\/caf.org.uy\/caf\/wp-json\/wp\/v2\/media\/4499"}],"wp:attachment":[{"href":"https:\/\/caf.org.uy\/caf\/wp-json\/wp\/v2\/media?parent=4498"}],"wp:term":[{"taxonomy":"category","embeddable":true,"href":"https:\/\/caf.org.uy\/caf\/wp-json\/wp\/v2\/categories?post=4498"},{"taxonomy":"post_tag","embeddable":true,"href":"https:\/\/caf.org.uy\/caf\/wp-json\/wp\/v2\/tags?post=4498"}],"curies":[{"name":"wp","href":"https:\/\/api.w.org\/{rel}","templated":true}]}}